{"id":72630,"date":"2024-09-20T18:59:30","date_gmt":"2024-09-21T00:59:30","guid":{"rendered":"https:\/\/zonaroja.com.mx\/?p=72630"},"modified":"2024-09-20T18:59:32","modified_gmt":"2024-09-21T00:59:32","slug":"refrenda-oaxaca-de-juarez-lazos-de-amistad-y-cooperacion-internacional","status":"publish","type":"post","link":"https:\/\/zonaroja.com.mx\/?p=72630","title":{"rendered":"Refrenda Oaxaca de Ju\u00e1rez lazos de amistad y cooperaci\u00f3n internacional"},"content":{"rendered":"\n<p>Redacci\u00f3n\/Zona Roja.&nbsp;<\/p>\n\n\n\n<p>Oaxaca de Ju\u00e1rez, Oax., 20 de septiembre de 2024.- El presidente municipal de Oaxaca de Ju\u00e1rez, Francisco Mart\u00ednez Neri, recibi\u00f3 la donaci\u00f3n de material para atender emergencias por parte de la ciudad de Seaside, California, con quien se tiene firmado un hermanamiento desde hace dos a\u00f1os, fecha desde la que se ha promovido la amistad y el acercamiento.&nbsp;<\/p>\n\n\n\n<p>En ese mismo acto el primer, concejal entreg\u00f3 el material recibido en donaci\u00f3n, al Heroico Cuerpo de Bomberos de Oaxaca, as\u00ed como a &nbsp;las \u00e1reas de Protecci\u00f3n Civil estatal y municipal, con el fin de que la generosidad del pueblo de Seaside beneficie a la mayor cantidad de personas en nuestra entidad.&nbsp;<\/p>\n\n\n\n<p>El edil resalt\u00f3 la importancia de continuar con esta relaci\u00f3n cordial y colaborativa, y agradeci\u00f3 a la ciudad hermana por ese gesto de solidaridad.<\/p>\n\n\n\n<p>Posteriormente en otro acto, se conmemor\u00f3 el 60 aniversario del hermanamiento entre Oaxaca de Ju\u00e1rez y Palo Alto, California, una relaci\u00f3n que ha sido clave para el intercambio cultural, acad\u00e9mico y el desarrollo conjunto de ambas comunidades.<\/p>\n\n\n\n<p>Ambas demarcaciones decidieron hermanarse en 1964. A lo largo de estos 60 a\u00f1os, la relaci\u00f3n entre ambas ciudades ha sido un ejemplo de la forma en que los lazos internacionales pueden generar beneficios duraderos para las generaciones futuras.<\/p>\n\n\n\n<p>Como parte de este evento, se llev\u00f3 a cabo una ceremonia en la que el representante del gobierno local de Palo Alto, realiz\u00f3 la entrega en donaci\u00f3n de un cami\u00f3n recolector de residuos s\u00f3lidos urbanos para la capital.&nbsp;<\/p>\n\n\n\n<p>Este acto cont\u00f3 con la presencia de una comitiva de Palo Alto encabezada por su vicealcalde, Ed Lauing, quien ha sido una figura clave en las relaciones de cooperaci\u00f3n entre ambas ciudades.<\/p>\n\n\n\n<p>Asimismo, el municipio otorg\u00f3 el reconocimiento de \u201cVisitante Distinguido\u201d a varias personalidades destacadas de Palo Alto que han contribuido al fortalecimiento de los lazos entre las dos ciudades, entre ellas:<\/p>\n\n\n\n<p>&#8211;&nbsp;Ed Lauing, vicealcalde de Palo Alto, quien ha desempe\u00f1ado roles importantes en su comunidad, incluyendo su participaci\u00f3n en las comisiones de planeaci\u00f3n y recreaci\u00f3n.<\/p>\n\n\n\n<p>&#8211;&nbsp;Sarah Burgess, abogada y presidenta de Neighbors Abroad, organizaci\u00f3n que fomenta las relaciones entre ciudades hermanas.<\/p>\n\n\n\n<p>&#8211;&nbsp;Flor Molina-S\u00e1nchez, originaria de Oaxaca y residente de Palo Alto, vicepresidenta de Neighbors Abroad y activa colaboradora en diversas organizaciones de salud.<\/p>\n\n\n\n<p>El evento cont\u00f3 con la participaci\u00f3n de autoridades locales, incluyendo al director de Protecci\u00f3n Civil Municipal, Rodolfo Dar\u00edo Brena G\u00fcereca, y al director del Heroico Cuerpo de Bomberos de Oaxaca, Jorge Arturo Rivas Fern\u00e1ndez del R\u00edo.<\/p>\n\n\n\n<p>Este hermanamiento ha permitido el intercambio de conocimientos y experiencias en \u00e1reas cruciales para la seguridad y bienestar de ambas ciudades, destacando el papel que la cooperaci\u00f3n internacional juega en la mejora de los servicios p\u00fablicos.<\/p>\n\n\n\n<p>Para finalizar Mart\u00ednez Neri agradeci\u00f3 las muestras de fraternidad y expres\u00f3 su convicci\u00f3n de que la generosidad entre los pueblos es la semilla de la paz en el mundo.<\/p>\n","protected":false},"excerpt":{"rendered":"<p>Redacci\u00f3n\/Zona Roja.&nbsp; Oaxaca de Ju\u00e1rez, Oax., 20 de septiembre de 2024.- El presidente municipal de&hellip;<\/p>\n","protected":false},"author":2,"featured_media":72631,"comment_status":"closed","ping_status":"open","sticky":false,"template":"","format":"standard","meta":{"_lmt_disableupdate":"","_lmt_disable":"","_jetpack_memberships_contains_paid_content":false,"footnotes":""},"categories":[109,46],"tags":[148],"class_list":["post-72630","post","type-post","status-publish","format-standard","has-post-thumbnail","hentry","category-minuto-a-minuto","category-zona-blanca","tag-oaxaca-de-juarez"],"jetpack_featured_media_url":"https:\/\/zonaroja.com.mx\/wp-content\/uploads\/2024\/09\/Oaxaca-de-Juarez-y-Palo-Alto.jpg","jetpack_sharing_enabled":true,"_links":{"self":[{"href":"https:\/\/zonaroja.com.mx\/index.php?rest_route=\/wp\/v2\/posts\/72630","targetHints":{"allow":["GET"]}}],"collection":[{"href":"https:\/\/zonaroja.com.mx\/index.php?rest_route=\/wp\/v2\/posts"}],"about":[{"href":"https:\/\/zonaroja.com.mx\/index.php?rest_route=\/wp\/v2\/types\/post"}],"author":[{"embeddable":true,"href":"https:\/\/zonaroja.com.mx\/index.php?rest_route=\/wp\/v2\/users\/2"}],"replies":[{"embeddable":true,"href":"https:\/\/zonaroja.com.mx\/index.php?rest_route=%2Fwp%2Fv2%2Fcomments&post=72630"}],"version-history":[{"count":1,"href":"https:\/\/zonaroja.com.mx\/index.php?rest_route=\/wp\/v2\/posts\/72630\/revisions"}],"predecessor-version":[{"id":72632,"href":"https:\/\/zonaroja.com.mx\/index.php?rest_route=\/wp\/v2\/posts\/72630\/revisions\/72632"}],"wp:featuredmedia":[{"embeddable":true,"href":"https:\/\/zonaroja.com.mx\/index.php?rest_route=\/wp\/v2\/media\/72631"}],"wp:attachment":[{"href":"https:\/\/zonaroja.com.mx\/index.php?rest_route=%2Fwp%2Fv2%2Fmedia&parent=72630"}],"wp:term":[{"taxonomy":"category","embeddable":true,"href":"https:\/\/zonaroja.com.mx\/index.php?rest_route=%2Fwp%2Fv2%2Fcategories&post=72630"},{"taxonomy":"post_tag","embeddable":true,"href":"https:\/\/zonaroja.com.mx\/index.php?rest_route=%2Fwp%2Fv2%2Ftags&post=72630"}],"curies":[{"name":"wp","href":"https:\/\/api.w.org\/{rel}","templated":true}]}}