{"id":72633,"date":"2024-09-20T20:48:14","date_gmt":"2024-09-21T02:48:14","guid":{"rendered":"https:\/\/zonaroja.com.mx\/?p=72633"},"modified":"2024-09-20T20:48:16","modified_gmt":"2024-09-21T02:48:16","slug":"ante-embajada-britanica-segob-reconoce-relevancia-del-caso-uruchurtu","status":"publish","type":"post","link":"https:\/\/zonaroja.com.mx\/?p=72633","title":{"rendered":"Ante Embajada Brit\u00e1nica, Segob reconoce relevancia del caso Uruchurtu"},"content":{"rendered":"\n<p>Redacci\u00f3n\/SemM\u00e9xico<\/p>\n\n\n\n<p>Oaxaca de Ju\u00e1rez, Oax., a 20 de septiembre de 2024.- La Secretar\u00eda de Gobernaci\u00f3n (Segob) federal asegur\u00f3 que da seguimiento a la Acci\u00f3n Urgente 1013\/2021 promovida ante el Comit\u00e9 contra la Desaparici\u00f3n Forzada de la Organizaci\u00f3n de las Naciones Unidas, relativa a la desaparici\u00f3n de la defensora Claudia Uruchurtu Cruz.&nbsp;<\/p>\n\n\n\n<p>Respuesta emitida a la Embajada Brit\u00e1nica en la que se afirma que se reconoce la relevancia del caso, de ah\u00ed que han reforzado la coordinaci\u00f3n con las autoridades que investigan y buscan a Claudia Uruchurtu Cruz desaparecida el 26 de marzo de 2021 en la poblaci\u00f3n de Asunci\u00f3n Nochixtl\u00e1n, en la mixteca oaxaque\u00f1a.<\/p>\n\n\n\n<p>De acuerdo con la Coordinaci\u00f3n para la Atenci\u00f3n de Casos en Organismos Internacionales de Derechos Humanos, a cargo de Nancy Desiderio Noyola, la administraci\u00f3n de justicia corresponde al Poder Judicial, por lo que son respetuosos de la autonom\u00eda de esa instancia.&nbsp;<\/p>\n\n\n\n<p>Sin embargo, puntualizan que estar\u00e1n atentos a la resoluci\u00f3n que se determine desde el Poder Judicial del Estado de Oaxaca, de conformidad con el sistema jur\u00eddico nacional, que acoge y recoge, la obligatoriedad de los est\u00e1ndares internacionales.&nbsp;<\/p>\n\n\n\n<p>El caso jur\u00eddico de Claudia Uruchurtu ha sido considerado como \u201cparadigm\u00e1tico\u201d por ser el primero en obtener una sentencia por el delito de desaparici\u00f3n forzada de persona, tanto en M\u00e9xico como en Oaxaca, entidad que incorpor\u00f3 esa figura en el&nbsp; Art\u00edculo 348 Bis D y Bis E del C\u00f3digo Penal del Estado de Oaxaca, reformado en agosto del 2020, ya que de acuerdo con la Fiscal\u00eda General del Estado, en la desaparici\u00f3n de la activista intervinieron servidores p\u00fablicos, entre quienes estaba la presidenta municipal de Asunci\u00f3n Nochixtl\u00e1n, Lizbeth Victoria Huerta.<\/p>\n\n\n\n<p>La preocupaci\u00f3n de la Embajada Brit\u00e1nica se hizo patente de nueva cuenta porque se espera que la Sala de Justicia Ind\u00edgena y Quinta Sala Penal del Tribunal Superior de Justicia del Estado, emita una resoluci\u00f3n de acuerdo con lo ordenado por un tribunal federal desde el pasado 12 de julio y que tendr\u00eda que haberse hecho en los siguientes 20 d\u00edas h\u00e1biles despu\u00e9s de esa fecha.<\/p>\n\n\n\n<p>CLAUDIA LA ACTIVISTA<\/p>\n\n\n\n<p>Claudia Uruchurtu Cruz se hab\u00eda convertido en defensora de los derechos humanos de los habitantes de Asunci\u00f3n Nochixtl\u00e1n, la peque\u00f1a comunidad de la mixteca oaxaque\u00f1a origen de su familia materna y a la que decidi\u00f3 volver en 2014.<\/p>\n\n\n\n<p>Uruchurtu Cruz hab\u00eda detectado problemas que pon\u00edan en riesgo a la poblaci\u00f3n y present\u00f3 una petici\u00f3n a Lizbeth Victoria Huerta, reci\u00e9n ungida alcaldesa, quien se neg\u00f3 a atender las demandas ciudadanas so pretexto de falta de recursos p\u00fablicos para hacerlo.<\/p>\n\n\n\n<p>La familia document\u00f3 las pesquisas de Claudia iniciadas ante la falta de respuesta de la mun\u00edcipe. Una de sus primeras acciones fue solicitar informaci\u00f3n a trav\u00e9s de la Plataforma Nacional de Transparencia, entre otros recursos, ya que hab\u00eda encontrado lo que podr\u00eda resumirse en malversaci\u00f3n y desv\u00edo de recursos del erario p\u00fablico, utilizaci\u00f3n de empresas fantasma, falsificaci\u00f3n de firmas y documentos oficiales, adem\u00e1s de nepotismo.<\/p>\n\n\n\n<p>Primero solicit\u00f3 la intervenci\u00f3n del \u00d3rgano Superior de Fiscalizaci\u00f3n del Estado de Oaxaca donde le notificaron que hab\u00edan recibido la denuncia, sin constancia por escrito, ni hubo resultados de una posible auditor\u00eda como pidi\u00f3. Ante estas irregularidades demand\u00f3 la intervenci\u00f3n del entonces gobernador priista y actual Senador por Morena, Alejandro Murat.<\/p>\n\n\n\n<p>Ni el gobernador, ni otros funcionarios respondieron de forma adecuada, por lo que en 2019 y 2020 envi\u00f3 cartas al presidente Andr\u00e9s Manuel L\u00f3pez Obrador que hab\u00eda se\u00f1alado entre sus lemas de campa\u00f1a que acabar\u00eda con la corrupci\u00f3n, pero tampoco hubo respuesta, pese a que hab\u00eda documentado hechos concretos. Otra funcionaria que no respondi\u00f3 fue la entonces secretaria de Gobernaci\u00f3n, Olga S\u00e1nchez Cordero.<\/p>\n\n\n\n<p>El 26 de marzo de 2021, Claudia Uruchurtu acudi\u00f3 a una manifestaci\u00f3n frente al palacio municipal, convocada por pobladores indignados tras la detenci\u00f3n de un vecino. Esa noche fue la \u00faltima vez que la activista fue vista. \u201cDesapareci\u00f3\u201d entre las 22:30 y 23:00 horas. Sus \u00faltimos pasos fueron grabados por c\u00e1maras del lugar, al igual que el grito de una persona alertando que \u201cse llevaban a una muchacha\u201d, grabado en un tel\u00e9fono celular. Los videos permiten observar a Claudia sometida, subida en una camioneta roja por elementos de seguridad del gobierno municipal y otras personas.<\/p>\n\n\n\n<p>Dos d\u00edas despu\u00e9s, pobladores San Pedro Coaxcaltepec C\u00e1ntaros, a 15 kil\u00f3metros de Asunci\u00f3n Nochixtl\u00e1n, localizaron un cuerpo. Se avisa a las autoridades, cuando elementos de la Fiscal\u00eda General del Estado llegan no hay ning\u00fan cuerpo, solo encontraron \u201cindicios\u201d, entre ellos una llave. Los polic\u00eda de Coaxcaltepec aseguran que los restos humanos eran de un hombre y no de una mujer.<\/p>\n\n\n\n<p>42 d\u00edas despu\u00e9s, el 7 de mayo de ese mismo a\u00f1o, sin que nadie supiera nada sobre el paradero de Claudia, con evidencias sobre su posible responsabilidad, fue detenida la presidenta municipal, Lizbeth Victoria Huerta, quien fue vinculada a proceso, en prisi\u00f3n preventiva.&nbsp;<\/p>\n\n\n\n<p>La familia Uruchurtu a lo largo del proceso judicial ha se\u00f1alado irregularidades, una de ellas y la m\u00e1s grave el cambi\u00f3 del delito en el caso de la ex mun\u00edcipe Lizbeth V.H., quien en 2021 buscaba ser reelecta como presidenta municipal de su pueblo,&nbsp;<\/p>\n\n\n\n<p>y acusaron la intromisi\u00f3n del gobernador de Oaxaca, Salom\u00f3n Jara Cruz \u201cpara proteger a su amiga\u201d.&nbsp;&nbsp;<\/p>\n\n\n\n<p>En 2021 siendo a\u00fan senador Jara Cruz se\u00f1al\u00f3 que los medios de comunicaci\u00f3n ten\u00edan contra la presidenta \u201cuna actitud de linchamiento\u2026campa\u00f1as sucias\u201d, su testimonio fue emitido en una visita a esa poblaci\u00f3n y fue entrevistado para Oaxaca Pol\u00edtico el 12 de mayo de ese a\u00f1o.<\/p>\n\n\n\n<p>El crimen de lesa humanidad cometido contra Claudia no puede ni debe quedar impune, afirman sus hermanas que buscan justicia, aunque en lo personal entienden que la \u00fanica y mejor justicia es saber en d\u00f3nde est\u00e1 Claudia.<\/p>\n\n\n\n<p>(Texto de Soledad Jarqu\u00edn)<\/p>\n","protected":false},"excerpt":{"rendered":"<p>Redacci\u00f3n\/SemM\u00e9xico Oaxaca de Ju\u00e1rez, Oax., a 20 de septiembre de 2024.- La Secretar\u00eda de Gobernaci\u00f3n&hellip;<\/p>\n","protected":false},"author":2,"featured_media":72634,"comment_status":"closed","ping_status":"open","sticky":false,"template":"","format":"standard","meta":{"_lmt_disableupdate":"","_lmt_disable":"","_jetpack_memberships_contains_paid_content":false,"footnotes":""},"categories":[109,47],"tags":[2582],"class_list":["post-72633","post","type-post","status-publish","format-standard","has-post-thumbnail","hentry","category-minuto-a-minuto","category-zona-gris","tag-claudia-uruchurtu-cruz"],"jetpack_featured_media_url":"https:\/\/zonaroja.com.mx\/wp-content\/uploads\/2024\/09\/Claudia-Uruchurtu-Cruz.jpg","jetpack_sharing_enabled":true,"_links":{"self":[{"href":"https:\/\/zonaroja.com.mx\/index.php?rest_route=\/wp\/v2\/posts\/72633","targetHints":{"allow":["GET"]}}],"collection":[{"href":"https:\/\/zonaroja.com.mx\/index.php?rest_route=\/wp\/v2\/posts"}],"about":[{"href":"https:\/\/zonaroja.com.mx\/index.php?rest_route=\/wp\/v2\/types\/post"}],"author":[{"embeddable":true,"href":"https:\/\/zonaroja.com.mx\/index.php?rest_route=\/wp\/v2\/users\/2"}],"replies":[{"embeddable":true,"href":"https:\/\/zonaroja.com.mx\/index.php?rest_route=%2Fwp%2Fv2%2Fcomments&post=72633"}],"version-history":[{"count":1,"href":"https:\/\/zonaroja.com.mx\/index.php?rest_route=\/wp\/v2\/posts\/72633\/revisions"}],"predecessor-version":[{"id":72635,"href":"https:\/\/zonaroja.com.mx\/index.php?rest_route=\/wp\/v2\/posts\/72633\/revisions\/72635"}],"wp:featuredmedia":[{"embeddable":true,"href":"https:\/\/zonaroja.com.mx\/index.php?rest_route=\/wp\/v2\/media\/72634"}],"wp:attachment":[{"href":"https:\/\/zonaroja.com.mx\/index.php?rest_route=%2Fwp%2Fv2%2Fmedia&parent=72633"}],"wp:term":[{"taxonomy":"category","embeddable":true,"href":"https:\/\/zonaroja.com.mx\/index.php?rest_route=%2Fwp%2Fv2%2Fcategories&post=72633"},{"taxonomy":"post_tag","embeddable":true,"href":"https:\/\/zonaroja.com.mx\/index.php?rest_route=%2Fwp%2Fv2%2Ftags&post=72633"}],"curies":[{"name":"wp","href":"https:\/\/api.w.org\/{rel}","templated":true}]}}