{"id":72637,"date":"2024-09-21T06:28:47","date_gmt":"2024-09-21T12:28:47","guid":{"rendered":"https:\/\/zonaroja.com.mx\/?p=72637"},"modified":"2024-09-21T06:28:50","modified_gmt":"2024-09-21T12:28:50","slug":"declaran-en-eu-culpable-a-hijo-de-el-moncho-por-narcotrafico","status":"publish","type":"post","link":"https:\/\/zonaroja.com.mx\/?p=72637","title":{"rendered":"Declaran en EU culpable a hijo de \u201cEl Moncho\u201d por narcotr\u00e1fico"},"content":{"rendered":"\n<p>Redacci\u00f3n\/Zona Roja Cdmx.<\/p>\n\n\n\n<p>Ciudad de M\u00e9xico, a 21 de septiembre de 2024.- Rub\u00e9n Oseguera, hijo del l\u00edder del C\u00e1rtel Jalisco Nueva Generaci\u00f3n (CJNG), Nemesio Oseguera alias \u201cEl Mencho\u201d, fue declarado culpable el viernes de cargos relacionados con el uso de la violencia para ayudar a su padre a dirigir una de las organizaciones de narcotr\u00e1fico m\u00e1s grandes y peligrosas del pa\u00eds.<\/p>\n\n\n\n<p>El \u201cMenchito\u201d fue el segundo al mando del CJNG antes de su extradici\u00f3n a Estados Unidos en febrero de 2020.<\/p>\n\n\n\n<p>Un jurado federal de Washington, D.C., deliber\u00f3 durante varias horas a lo largo de dos d\u00edas antes de declarar al menor de los Oseguera culpable de los dos cargos que se le imputan: asociaci\u00f3n delictuosa para distribuir coca\u00edna y metanfetamina para su importaci\u00f3n a Estados Unidos, y utilizar un arma de fuego en una trama de narcotr\u00e1fico.<\/p>\n\n\n\n<p>La sentencia del joven Oseguera, nacido en California y con nacionalidades estadunidense y mexicana, ser\u00e1 dictada el 10 de enero por la juez de distrito Beryl Howell.<\/p>\n\n\n\n<p>No tuvo una reacci\u00f3n evidente al veredicto del jurado. Uno de sus abogados le dio unas palmaditas en el hombro antes de que saliera de la sala.<\/p>\n\n\n\n<p>(Informaci\u00f3n de AP en \u201cLa Jornada\u201d)<\/p>\n","protected":false},"excerpt":{"rendered":"<p>Redacci\u00f3n\/Zona Roja Cdmx. Ciudad de M\u00e9xico, a 21 de septiembre de 2024.- Rub\u00e9n Oseguera, hijo&hellip;<\/p>\n","protected":false},"author":2,"featured_media":72638,"comment_status":"closed","ping_status":"open","sticky":false,"template":"","format":"standard","meta":{"_lmt_disableupdate":"","_lmt_disable":"","_jetpack_memberships_contains_paid_content":false,"footnotes":""},"categories":[109,46],"tags":[4072],"class_list":["post-72637","post","type-post","status-publish","format-standard","has-post-thumbnail","hentry","category-minuto-a-minuto","category-zona-blanca","tag-ruben-oseguera-menchito"],"jetpack_featured_media_url":"https:\/\/zonaroja.com.mx\/wp-content\/uploads\/2024\/09\/Ruben-Oseguera-Menchito.jpg","jetpack_sharing_enabled":true,"_links":{"self":[{"href":"https:\/\/zonaroja.com.mx\/index.php?rest_route=\/wp\/v2\/posts\/72637","targetHints":{"allow":["GET"]}}],"collection":[{"href":"https:\/\/zonaroja.com.mx\/index.php?rest_route=\/wp\/v2\/posts"}],"about":[{"href":"https:\/\/zonaroja.com.mx\/index.php?rest_route=\/wp\/v2\/types\/post"}],"author":[{"embeddable":true,"href":"https:\/\/zonaroja.com.mx\/index.php?rest_route=\/wp\/v2\/users\/2"}],"replies":[{"embeddable":true,"href":"https:\/\/zonaroja.com.mx\/index.php?rest_route=%2Fwp%2Fv2%2Fcomments&post=72637"}],"version-history":[{"count":1,"href":"https:\/\/zonaroja.com.mx\/index.php?rest_route=\/wp\/v2\/posts\/72637\/revisions"}],"predecessor-version":[{"id":72639,"href":"https:\/\/zonaroja.com.mx\/index.php?rest_route=\/wp\/v2\/posts\/72637\/revisions\/72639"}],"wp:featuredmedia":[{"embeddable":true,"href":"https:\/\/zonaroja.com.mx\/index.php?rest_route=\/wp\/v2\/media\/72638"}],"wp:attachment":[{"href":"https:\/\/zonaroja.com.mx\/index.php?rest_route=%2Fwp%2Fv2%2Fmedia&parent=72637"}],"wp:term":[{"taxonomy":"category","embeddable":true,"href":"https:\/\/zonaroja.com.mx\/index.php?rest_route=%2Fwp%2Fv2%2Fcategories&post=72637"},{"taxonomy":"post_tag","embeddable":true,"href":"https:\/\/zonaroja.com.mx\/index.php?rest_route=%2Fwp%2Fv2%2Ftags&post=72637"}],"curies":[{"name":"wp","href":"https:\/\/api.w.org\/{rel}","templated":true}]}}