{"id":72644,"date":"2024-09-21T08:40:00","date_gmt":"2024-09-21T14:40:00","guid":{"rendered":"https:\/\/zonaroja.com.mx\/?p=72644"},"modified":"2024-09-21T06:59:42","modified_gmt":"2024-09-21T12:59:42","slug":"anuncian-nuevo-vuelo-oaxaca-monterrey-oaxaca","status":"publish","type":"post","link":"https:\/\/zonaroja.com.mx\/?p=72644","title":{"rendered":"Anuncian nuevo vuelo Oaxaca-Monterrey-Oaxaca"},"content":{"rendered":"\n<p>Redacci\u00f3n\/Zona Roja.&nbsp;<\/p>\n\n\n\n<p>Oaxaca de Ju\u00e1rez, Oax., 21 de septiembre del 2024.- A partir del 3 de noviembre, la entidad contar\u00e1 con una nueva opci\u00f3n de conectividad a\u00e9rea con el nuevo vuelo Oaxaca-Monterrey-Oaxaca.<\/p>\n\n\n\n<p>De acuerdo con la Secretar\u00eda de Turismo (Sectur Oaxaca), esta nueva ruta operada por la aerol\u00ednea Volaris ofrecer\u00e1 cuatro frecuencias semanales los d\u00edas martes, jueves, s\u00e1bado y domingo, generando una oferta de seis mil 400 asientos mensuales para el destino.<\/p>\n\n\n\n<p>\u2022 Saliendo de Monterrey a las 11:30 hrs., y llegando a Oaxaca a las 13:15 hrs.<\/p>\n\n\n\n<p>\u2022 Saliendo de Oaxaca a las 14:00 hrs. y llegando a Monterrey a las 15:45 hrs.<\/p>\n\n\n\n<p>La secretaria de Turismo, Saymi Pineda Velasco, enfatiz\u00f3 que la colaboraci\u00f3n entre el gobierno y el sector a\u00e9reo es clave para fortalecer los servicios tur\u00edsticos y fomentar el crecimiento econ\u00f3mico en el estado.<\/p>\n\n\n\n<p>En este sentido, destac\u00f3 que Volaris es uno de los aliados m\u00e1s relevantes para la actividad a\u00e9rea en Oaxaca, empresa con mayor n\u00famero de rutas, sumando 11 rutas a\u00e9reas con la nueva conexi\u00f3n.<\/p>\n\n\n\n<p>Asimismo, resalt\u00f3 que, con la aerol\u00ednea, se cuenta ya con 72 frecuencias por semana, transportando a alrededor de 103 mil 350 personas pasajeras al mes en los aeropuertos de Oaxaca, Bah\u00edas de Huatulco y Puerto Escondido.<\/p>\n\n\n\n<p>Dijo que esta nueva conexi\u00f3n a\u00e9rea ofrece una opci\u00f3n m\u00e1s para las y los viajeros, promoviendo el intercambio tur\u00edstico y comercial entre ambos destinos, resultado de un esfuerzo conjunto entre la Sectur Oaxaca y la aerol\u00ednea.<\/p>\n\n\n\n<p>Lo anterior, en el marco de las pol\u00edticas p\u00fablicas del Gobernador del Estado, Salom\u00f3n Jara Cruz, orientadas a impulsar el Desarrollo Integral y Sustentable de la entidad, a trav\u00e9s de la actividad tur\u00edstica.<\/p>\n\n\n\n<p>Por su parte, Omar Carrera, Director Comercial de Volaris, coment\u00f3: \u00abEstamos muy contentos de incorporar esta nueva ruta a\u00e9rea entre Oaxaca y Monterrey, que complementa y fortalece nuestra estrategia de conectividad punto a punto en todo el pa\u00eds, favoreciendo a nuestros Clientes con una oferta de servicios a precios competitivos para que puedan volar y tener experiencias de viaje inolvidables.&nbsp;<\/p>\n\n\n\n<p>\u201cGracias a la confianza que nos han brindado, hoy somos la aerol\u00ednea con m\u00e1s asientos disponibles en la ciudad de Oaxaca, con 41% del total ofertado en lo que va del 2024\u201d.<\/p>\n\n\n\n<p>Los boletos para el nuevo vuelo ya est\u00e1n disponibles para su compra en el sitio web oficial de Volaris https:\/\/www.volaris.com\/.<\/p>\n","protected":false},"excerpt":{"rendered":"<p>Redacci\u00f3n\/Zona Roja.&nbsp; Oaxaca de Ju\u00e1rez, Oax., 21 de septiembre del 2024.- A partir del 3&hellip;<\/p>\n","protected":false},"author":2,"featured_media":72646,"comment_status":"closed","ping_status":"open","sticky":false,"template":"","format":"standard","meta":{"_lmt_disableupdate":"","_lmt_disable":"","_jetpack_memberships_contains_paid_content":false,"footnotes":""},"categories":[109,46],"tags":[1031],"class_list":["post-72644","post","type-post","status-publish","format-standard","has-post-thumbnail","hentry","category-minuto-a-minuto","category-zona-blanca","tag-secretaria-de-turismo-oaxaca"],"jetpack_featured_media_url":"https:\/\/zonaroja.com.mx\/wp-content\/uploads\/2024\/09\/Saymi-Pineda-Turismo-Oaxaca.jpg","jetpack_sharing_enabled":true,"_links":{"self":[{"href":"https:\/\/zonaroja.com.mx\/index.php?rest_route=\/wp\/v2\/posts\/72644","targetHints":{"allow":["GET"]}}],"collection":[{"href":"https:\/\/zonaroja.com.mx\/index.php?rest_route=\/wp\/v2\/posts"}],"about":[{"href":"https:\/\/zonaroja.com.mx\/index.php?rest_route=\/wp\/v2\/types\/post"}],"author":[{"embeddable":true,"href":"https:\/\/zonaroja.com.mx\/index.php?rest_route=\/wp\/v2\/users\/2"}],"replies":[{"embeddable":true,"href":"https:\/\/zonaroja.com.mx\/index.php?rest_route=%2Fwp%2Fv2%2Fcomments&post=72644"}],"version-history":[{"count":1,"href":"https:\/\/zonaroja.com.mx\/index.php?rest_route=\/wp\/v2\/posts\/72644\/revisions"}],"predecessor-version":[{"id":72647,"href":"https:\/\/zonaroja.com.mx\/index.php?rest_route=\/wp\/v2\/posts\/72644\/revisions\/72647"}],"wp:featuredmedia":[{"embeddable":true,"href":"https:\/\/zonaroja.com.mx\/index.php?rest_route=\/wp\/v2\/media\/72646"}],"wp:attachment":[{"href":"https:\/\/zonaroja.com.mx\/index.php?rest_route=%2Fwp%2Fv2%2Fmedia&parent=72644"}],"wp:term":[{"taxonomy":"category","embeddable":true,"href":"https:\/\/zonaroja.com.mx\/index.php?rest_route=%2Fwp%2Fv2%2Fcategories&post=72644"},{"taxonomy":"post_tag","embeddable":true,"href":"https:\/\/zonaroja.com.mx\/index.php?rest_route=%2Fwp%2Fv2%2Ftags&post=72644"}],"curies":[{"name":"wp","href":"https:\/\/api.w.org\/{rel}","templated":true}]}}