{"id":72648,"date":"2024-09-21T09:15:00","date_gmt":"2024-09-21T15:15:00","guid":{"rendered":"https:\/\/zonaroja.com.mx\/?p=72648"},"modified":"2024-09-21T07:03:16","modified_gmt":"2024-09-21T13:03:16","slug":"que-siempre-no-paro-de-trabajadores-del-poder-judicial-se-extiende-hasta-octubre","status":"publish","type":"post","link":"https:\/\/zonaroja.com.mx\/?p=72648","title":{"rendered":"Que siempre no: Paro de trabajadores del Poder Judicial se extiende hasta octubre"},"content":{"rendered":"\n<p>Redacci\u00f3n\/Zona Roja Cdmx.<\/p>\n\n\n\n<p>Ciudad de M\u00e9xico, a 21 de septiembre de 2024.- A casi una semana de que la Reforma Judicial fue publicada en el Diario Oficial de la Federaci\u00f3n (DOF), las protestas por parte de los trabajadores del Poder Judicial no han cesado y la pol\u00e9mica en torno a la constitucionalidad de dicha reforma a\u00fan contin\u00faa.<\/p>\n\n\n\n<p>El pasado 15 de septiembre, el presidente Andr\u00e9s Manuel L\u00f3pez Obrador public\u00f3 la reforma al Poder Judicial y el 16 de septiembre entr\u00f3 en vigor el cambio constitucional, con lo que comenz\u00f3 el proceso electoral para elegir a jueces, ministros y magistrados por voto directo<\/p>\n\n\n\n<p>Si bien las protestas en el Senado y la C\u00e1mara de Diputados por parte de trabajadores del Poder Judicial cesaron durante esta semana, el paro de labores que iniciaron hace un mes y que hasta hace unos d\u00edas se manten\u00eda en vilo de su continuar\u00eda o no, se mantendr\u00e1 hasta el 2 de octubre.<\/p>\n\n\n\n<p>El pasado mi\u00e9rcoles 18 de septiembre, el Pleno del Consejo de la Judicatura Federal (CJF) inform\u00f3 que las labores se reanudar\u00edan el pr\u00f3ximo lunes 23 de septiembre, sin embargo, no se lleg\u00f3 a un acuerdo para que se hiciera as\u00ed.<\/p>\n\n\n\n<p>Ante el anuncio que aseguraba que el pr\u00f3ximo lunes se levantar\u00eda la suspensi\u00f3n en los asuntos que se encuentran en tr\u00e1mite en \u00d3rganos Jurisdiccionales, trabajadores del Poder Judicial se manifestaron durante esta semana frente al edificio de este \u00f3rgano federal.<\/p>\n\n\n\n<p>Los trabajadores acusaron que no fueron consultados en la toma de esta decisi\u00f3n, por ello, este viernes se llev\u00f3 cabo una mesa de di\u00e1logo entre trabajadores, l\u00edderes sindicales, jueces y magistrados con la ministra presidenta de la Suprema Corte de Justicia de la Naci\u00f3n (SCJN) y titular del CJF, Norma Pi\u00f1a.<\/p>\n\n\n\n<p>Tras dicha reuni\u00f3n, se acord\u00f3 que la suspensi\u00f3n de actividades en tribunales y juzgados se mantendr\u00e1 al menos hasta el 2 de octubre, un d\u00eda despu\u00e9s de la toma de protesta de la presidenta electa Claudia Sheinbaum Pardo.<\/p>\n\n\n\n<p>CONSULTA A LA CORTE<\/p>\n\n\n\n<p>Este viernes 20 de septiembre, la SCJN inform\u00f3 tambi\u00e9n que la ministra presidenta Norma Pi\u00f1a someti\u00f3 a consulta del Pleno del M\u00e1ximo Tribunal del pa\u00eds la revisi\u00f3n de al menos cuatro controversias constitucionales presentadas en contra de la Reforma Judicial.<\/p>\n\n\n\n<p>Los pasados 11, 17 y 18 de septiembre de 2024, la Corte recibi\u00f3 cuatro escritos presentados por de titulares de Juzgados de Distrito y Tribunales Colegiados de Circuito, as\u00ed como de Secretarios de Tribunal, relacionados con la reciente reforma constitucional en Materia de Poder Judicial.<\/p>\n\n\n\n<p>En los escritos, \u00abesencialmente, se consulta si alguno de los procedimientos previstos en Ley Org\u00e1nica del Poder Judicial de la Federaci\u00f3n, entre otros, la fracci\u00f3n XXII, de su art\u00edculo 11 que se refiere a la resoluci\u00f3n de conflictos que deriven de contratos u obligaciones contractuales que involucren a la Suprema Corte o el Consejo de la Judicatura-, son id\u00f3neos para revisar la constitucionalidad del procedimiento legislativo o el contenido mismo de esas reformas\u00bb.<\/p>\n\n\n\n<p>Por lo que al no existir claridad sobre el tr\u00e1mite que debe darse a esas solicitudes, la presidenta de la Suprema Corte decidi\u00f3 consultar al Tribunal Pleno.<\/p>\n\n\n\n<p>Es as\u00ed que el Ministro Juan Luis Gonz\u00e1lez Alc\u00e1ntara Carranc\u00e1 (consulta a tr\u00e1mite 4\/2024) y la Ministra Yasm\u00edn Esquivel Mossa (5\/2024, 6\/2024 y 7\/2024) deber\u00e1n elaborar diversas propuestas sobre el tr\u00e1mite que la presidencia de la SCJN debe dar a cada solicitud.<\/p>\n\n\n\n<p>De esta forma suman al menos cuatro consultas que la ministra Norma Pi\u00f1a abre entre las y los ministros de la Corte para determinar si se puede frenar o no, la implementaci\u00f3n de la Reforma Judicial.<\/p>\n\n\n\n<p>(Informaci\u00f3n de \u201cExpansi\u00f3n Pol\u00edtica\u201d)<\/p>\n","protected":false},"excerpt":{"rendered":"<p>Redacci\u00f3n\/Zona Roja Cdmx. Ciudad de M\u00e9xico, a 21 de septiembre de 2024.- A casi una&hellip;<\/p>\n","protected":false},"author":2,"featured_media":72649,"comment_status":"closed","ping_status":"open","sticky":false,"template":"","format":"standard","meta":{"_lmt_disableupdate":"","_lmt_disable":"","_jetpack_memberships_contains_paid_content":false,"footnotes":""},"categories":[109,47],"tags":[4033],"class_list":["post-72648","post","type-post","status-publish","format-standard","has-post-thumbnail","hentry","category-minuto-a-minuto","category-zona-gris","tag-paro-poder-judicial-de-la-federacion"],"jetpack_featured_media_url":"https:\/\/zonaroja.com.mx\/wp-content\/uploads\/2024\/09\/Paro-poder-judicial-federacion.jpeg.webp","jetpack_sharing_enabled":true,"_links":{"self":[{"href":"https:\/\/zonaroja.com.mx\/index.php?rest_route=\/wp\/v2\/posts\/72648","targetHints":{"allow":["GET"]}}],"collection":[{"href":"https:\/\/zonaroja.com.mx\/index.php?rest_route=\/wp\/v2\/posts"}],"about":[{"href":"https:\/\/zonaroja.com.mx\/index.php?rest_route=\/wp\/v2\/types\/post"}],"author":[{"embeddable":true,"href":"https:\/\/zonaroja.com.mx\/index.php?rest_route=\/wp\/v2\/users\/2"}],"replies":[{"embeddable":true,"href":"https:\/\/zonaroja.com.mx\/index.php?rest_route=%2Fwp%2Fv2%2Fcomments&post=72648"}],"version-history":[{"count":1,"href":"https:\/\/zonaroja.com.mx\/index.php?rest_route=\/wp\/v2\/posts\/72648\/revisions"}],"predecessor-version":[{"id":72650,"href":"https:\/\/zonaroja.com.mx\/index.php?rest_route=\/wp\/v2\/posts\/72648\/revisions\/72650"}],"wp:featuredmedia":[{"embeddable":true,"href":"https:\/\/zonaroja.com.mx\/index.php?rest_route=\/wp\/v2\/media\/72649"}],"wp:attachment":[{"href":"https:\/\/zonaroja.com.mx\/index.php?rest_route=%2Fwp%2Fv2%2Fmedia&parent=72648"}],"wp:term":[{"taxonomy":"category","embeddable":true,"href":"https:\/\/zonaroja.com.mx\/index.php?rest_route=%2Fwp%2Fv2%2Fcategories&post=72648"},{"taxonomy":"post_tag","embeddable":true,"href":"https:\/\/zonaroja.com.mx\/index.php?rest_route=%2Fwp%2Fv2%2Ftags&post=72648"}],"curies":[{"name":"wp","href":"https:\/\/api.w.org\/{rel}","templated":true}]}}