{"id":72651,"date":"2024-09-21T10:03:00","date_gmt":"2024-09-21T16:03:00","guid":{"rendered":"https:\/\/zonaroja.com.mx\/?p=72651"},"modified":"2024-09-21T07:36:15","modified_gmt":"2024-09-21T13:36:15","slug":"enesima-jornada-violenta-calcinan-a-nina-en-chiapas-11-ejecutados-en-chihuahua","status":"publish","type":"post","link":"https:\/\/zonaroja.com.mx\/?p=72651","title":{"rendered":"En\u00e9sima jornada violenta: calcinan a ni\u00f1a en Chiapas; 11 ejecutados en Chihuahua"},"content":{"rendered":"\n<p>Redacci\u00f3n\/Zona Roja Cdmx.<\/p>\n\n\n\n<p>Ciudad de M\u00e9xico, a 21 de septiembre de 2024.- Una ni\u00f1a de tres a\u00f1os muri\u00f3 calcinada, presuntamente despu\u00e9s de que hombres armados secuestraron a su padre e incendiaran la casa en la que viv\u00edan en el municipio de Berrioz\u00e1bal, informaron fuentes policiacas.<\/p>\n\n\n\n<p>En tanto, de acuerdo con informaci\u00f3n del diario \u201cLa Jornada\u201d, la Fiscal\u00eda General del Estado (FGE), inform\u00f3 que inici\u00f3 las investigaciones correspondientes con apego a protocolo, por los delitos de la privaci\u00f3n Ilegal de la libertad de un hombre y el homicidio de la menor.<\/p>\n\n\n\n<p>Las fuentes comentaron que los hechos sucedieron la ma\u00f1ana de este viernes, luego de que los sujetos armados se llevaron al padre de la ni\u00f1a y le prendieron fuego a la vivienda, en ausencia de la madre que se encontraba trabajando.<\/p>\n\n\n\n<p>EN CHIHUAHUA<\/p>\n\n\n\n<p>La ma\u00f1ana de este viernes fueron localizados los cad\u00e1veres de 11 personas en el municipio fronterizo de Ojinaga, dio a conocer el fiscal general del Estado de Chihuahua, C\u00e9sar J\u00e1uregui Moreno.<\/p>\n\n\n\n<p>Las v\u00edctimas estaban envueltas en bolsas de pl\u00e1stico y fueron abandonados en un lote bald\u00edo, ubicado entre las calles s\u00e9ptima y Justo Sierra.&nbsp;<\/p>\n\n\n\n<p>Los cuerpos presentan huellas de tortura y dos de ellos est\u00e1n decapitados, detalla informaci\u00f3n de \u201cLa Jornada\u201d.&nbsp;<\/p>\n\n\n\n<p>A un costado del sitio del hallazgo se encontr\u00f3 una cartulina presuntamente escrita por integrantes del grupo criminal \u201cLa L\u00ednea\u201d,&nbsp; brazo armado y operativo del c\u00e1rtel de Ju\u00e1rez y dominante en esa zona.<\/p>\n\n\n\n<p>EN SONORA<\/p>\n\n\n\n<p>Elementos del Ej\u00e9rcito abatieron en Caborca, Sonora, a tres civiles armados y detuvieron a ocho m\u00e1s, entre ellos seis menores de edad, de acuerdo con informaci\u00f3n de L\u00f3pez-D\u00f3riga Digital.<\/p>\n\n\n\n<p>Militares efectuaban un operativo de seguridad en la colonia Bur\u00f3crata, cuando fueron agredidos a disparos.<\/p>\n\n\n\n<p>Los elementos del Ej\u00e9rcito repelieron la agresi\u00f3n, desat\u00e1ndose un enfrentamiento en el Fraccionamiento Palma Dorada.<\/p>\n\n\n\n<p>Tres civiles armados murieron, en tanto que siete hombres y una mujer fueron detenidos. Del total, seis son menores de edad.<\/p>\n\n\n\n<p>Se les aseguraron seis armas de fuego AK-47, una pistola, casquillos percutidos de diversos calibres, cuatro chalecos t\u00e1cticos y cargadores para fusil, expone.<\/p>\n\n\n\n<p>EN JALISCO<\/p>\n\n\n\n<p>Tambi\u00e9n, seg\u00fan informaci\u00f3n de L\u00f3pez-D\u00f3riga Digital, familiares y colectivos denuncian la desaparici\u00f3n de j\u00f3venes en busca de empleo, en la denominada Nueva Central de Autobuses de Tlaquepaque, Jalisco.<\/p>\n\n\n\n<p>El Colectivo Guerreros Buscadores tiene conocimiento de m\u00e1s de 50 desapariciones.<\/p>\n\n\n\n<p>Se presume que los j\u00f3venes fueron reclutados por el C\u00e1rtel Jalisco Nueva Generaci\u00f3n (CJNG) bajo ofertas de empleo falsas.<\/p>\n\n\n\n<p>EN PUEBLA<\/p>\n\n\n\n<p>Carlos Alberto Mier Gonz\u00e1lez, ex capit\u00e1n de la Secretar\u00eda de Marina (Semar), y quien busc\u00f3 ser candidato de Morena a la alcald\u00eda de Amozoc \u2013ubicado en la Zona Metropolitana de Puebla\u2013 en el pasado proceso electoral, fue asesinado la madrugada de este viernes en un ataque directo mientras se encontraba en el centro de rehabilitaci\u00f3n &#8216;De Las Tinieblas Hacia la Luz&#8217; de ese municipio, donde fue dejado un mensaje de advertencia.<\/p>\n\n\n\n<p>Hoy en d\u00eda, Mier se dedicaba a brindar servicios de seguridad privada, despu\u00e9s de que se desempe\u00f1\u00f3 como subsecretario de Seguridad P\u00fablica en Tamaulipas, durante 2017, y tras estar activo 23 a\u00f1os como integrante de la Semar, refiere la informaci\u00f3n de \u201cLa Jornada\u201d)<\/p>\n","protected":false},"excerpt":{"rendered":"<p>Redacci\u00f3n\/Zona Roja Cdmx. Ciudad de M\u00e9xico, a 21 de septiembre de 2024.- Una ni\u00f1a de&hellip;<\/p>\n","protected":false},"author":2,"featured_media":72645,"comment_status":"closed","ping_status":"open","sticky":false,"template":"","format":"standard","meta":{"_lmt_disableupdate":"","_lmt_disable":"","_jetpack_memberships_contains_paid_content":false,"footnotes":""},"categories":[109,51],"tags":[3971,1746],"class_list":["post-72651","post","type-post","status-publish","format-standard","has-post-thumbnail","hentry","category-minuto-a-minuto","category-zona-roja","tag-violencia-en","tag-violencia-en-mexico"],"jetpack_featured_media_url":"https:\/\/zonaroja.com.mx\/wp-content\/uploads\/2024\/09\/Nina-calcinada-en-Chiapas.jpg","jetpack_sharing_enabled":true,"_links":{"self":[{"href":"https:\/\/zonaroja.com.mx\/index.php?rest_route=\/wp\/v2\/posts\/72651","targetHints":{"allow":["GET"]}}],"collection":[{"href":"https:\/\/zonaroja.com.mx\/index.php?rest_route=\/wp\/v2\/posts"}],"about":[{"href":"https:\/\/zonaroja.com.mx\/index.php?rest_route=\/wp\/v2\/types\/post"}],"author":[{"embeddable":true,"href":"https:\/\/zonaroja.com.mx\/index.php?rest_route=\/wp\/v2\/users\/2"}],"replies":[{"embeddable":true,"href":"https:\/\/zonaroja.com.mx\/index.php?rest_route=%2Fwp%2Fv2%2Fcomments&post=72651"}],"version-history":[{"count":1,"href":"https:\/\/zonaroja.com.mx\/index.php?rest_route=\/wp\/v2\/posts\/72651\/revisions"}],"predecessor-version":[{"id":72652,"href":"https:\/\/zonaroja.com.mx\/index.php?rest_route=\/wp\/v2\/posts\/72651\/revisions\/72652"}],"wp:featuredmedia":[{"embeddable":true,"href":"https:\/\/zonaroja.com.mx\/index.php?rest_route=\/wp\/v2\/media\/72645"}],"wp:attachment":[{"href":"https:\/\/zonaroja.com.mx\/index.php?rest_route=%2Fwp%2Fv2%2Fmedia&parent=72651"}],"wp:term":[{"taxonomy":"category","embeddable":true,"href":"https:\/\/zonaroja.com.mx\/index.php?rest_route=%2Fwp%2Fv2%2Fcategories&post=72651"},{"taxonomy":"post_tag","embeddable":true,"href":"https:\/\/zonaroja.com.mx\/index.php?rest_route=%2Fwp%2Fv2%2Ftags&post=72651"}],"curies":[{"name":"wp","href":"https:\/\/api.w.org\/{rel}","templated":true}]}}