{"id":72653,"date":"2024-09-21T10:44:00","date_gmt":"2024-09-21T16:44:00","guid":{"rendered":"https:\/\/zonaroja.com.mx\/?p=72653"},"modified":"2024-09-21T07:46:13","modified_gmt":"2024-09-21T13:46:13","slug":"universidad-comunal-de-oaxaca-denuncia-amenazas","status":"publish","type":"post","link":"https:\/\/zonaroja.com.mx\/?p=72653","title":{"rendered":"Universidad Comunal de Oaxaca denuncia amenazas"},"content":{"rendered":"\n<p>Ismael Garc\u00eda M.\/Zona Roja.<\/p>\n\n\n\n<p>Oaxaca de Ju\u00e1rez, Oax., a 21 de septiembre de 2024.- La Universidad Aut\u00f3noma Comunal de Oaxaca (UACO) denuncio actos de intimidaciones, hostigamiento y amenazas a sus colaboradores, as\u00ed como la vulneraci\u00f3n de las redes sociales oficiales de la UACO y de los Centros Universitarios Comunales.<\/p>\n\n\n\n<p>\u201cHoy denunciamos que la UACO, a pesar de ser una instituci\u00f3n p\u00fablica, reconocida por el Gobierno del Estado y el Gobierno Federal, no est\u00e1 exenta de la grave situaci\u00f3n de violencia que afecta a nuestro estado y pa\u00eds.&nbsp;<\/p>\n\n\n\n<p>\u201cEsto se ve reflejado por las intimidaciones y amenazas que han sufrido algunos colaboradores, adem\u00e1s de sufrir vulneraciones a nuestras plataformas en redes sociales espec\u00edficamente de Facebook\u201d, expuso en un comunicado.<\/p>\n\n\n\n<p>Detall\u00f3 que el primero de estos hechos se registro en el mes de octubre de 2023, cuando R.V.G. recibi\u00f3 llamadas de hostigamiento y amenazas contra su integridad f\u00edsica.&nbsp;<\/p>\n\n\n\n<p>Posteriormente, la p\u00e1gina oficial de la UACO en Facebook fue atacada, y varios de sus contenidos fueron eliminados injustificadamente, a pesar de que solo se difunde informaci\u00f3n acad\u00e9mica y sobre las actividades p\u00fablicas de la Universidad.&nbsp;<\/p>\n\n\n\n<p>Otro ataque ocurri\u00f3 contra la p\u00e1gina de Facebook del Centro Universitario Comunal de Mat\u00edas Romero, la cual fue hackeada, afectando la seguridad y restringiendo el acceso al contenido publicado.<\/p>\n\n\n\n<p>Detall\u00f3 que el incidente m\u00e1s alarmante tuvo lugar el 18 de septiembre, cuando unos sujetos provenientes de una florister\u00eda llegaron a la Unidad Administrativa de la UACO con un arreglo floral en forma de cruz, acompa\u00f1ado de la leyenda \u00abDescanse en Paz Maestro R.V.G.\u00bb, en clara alusi\u00f3n a su compa\u00f1ero.<\/p>\n\n\n\n<p>Ante estos hechos, hizo un llamado a todas las comunidades educativas de la UACO y a sus 16 Centros Universitarios Comunales para fortalecer sus redes de apoyo y protecci\u00f3n, basadas en los principios de la comunalidad.&nbsp;<\/p>\n\n\n\n<p>\u201cEs momento de unirnos, actuar con solidaridad y proteger la vida, reforzando nuestras medidas de seguridad y fortaleciendo nuestros sistemas de justicia comunales\u201d, expuso.<\/p>\n","protected":false},"excerpt":{"rendered":"<p>Ismael Garc\u00eda M.\/Zona Roja. Oaxaca de Ju\u00e1rez, Oax., a 21 de septiembre de 2024.- La&hellip;<\/p>\n","protected":false},"author":2,"featured_media":72654,"comment_status":"closed","ping_status":"open","sticky":false,"template":"","format":"standard","meta":{"_lmt_disableupdate":"","_lmt_disable":"","_jetpack_memberships_contains_paid_content":false,"footnotes":""},"categories":[109,47],"tags":[1982],"class_list":["post-72653","post","type-post","status-publish","format-standard","has-post-thumbnail","hentry","category-minuto-a-minuto","category-zona-gris","tag-universidad-autonoma-comunal-de-oaxaca"],"jetpack_featured_media_url":"https:\/\/zonaroja.com.mx\/wp-content\/uploads\/2024\/09\/Denuncia-Universidad-Autonoma-Comunal.jpg","jetpack_sharing_enabled":true,"_links":{"self":[{"href":"https:\/\/zonaroja.com.mx\/index.php?rest_route=\/wp\/v2\/posts\/72653","targetHints":{"allow":["GET"]}}],"collection":[{"href":"https:\/\/zonaroja.com.mx\/index.php?rest_route=\/wp\/v2\/posts"}],"about":[{"href":"https:\/\/zonaroja.com.mx\/index.php?rest_route=\/wp\/v2\/types\/post"}],"author":[{"embeddable":true,"href":"https:\/\/zonaroja.com.mx\/index.php?rest_route=\/wp\/v2\/users\/2"}],"replies":[{"embeddable":true,"href":"https:\/\/zonaroja.com.mx\/index.php?rest_route=%2Fwp%2Fv2%2Fcomments&post=72653"}],"version-history":[{"count":1,"href":"https:\/\/zonaroja.com.mx\/index.php?rest_route=\/wp\/v2\/posts\/72653\/revisions"}],"predecessor-version":[{"id":72655,"href":"https:\/\/zonaroja.com.mx\/index.php?rest_route=\/wp\/v2\/posts\/72653\/revisions\/72655"}],"wp:featuredmedia":[{"embeddable":true,"href":"https:\/\/zonaroja.com.mx\/index.php?rest_route=\/wp\/v2\/media\/72654"}],"wp:attachment":[{"href":"https:\/\/zonaroja.com.mx\/index.php?rest_route=%2Fwp%2Fv2%2Fmedia&parent=72653"}],"wp:term":[{"taxonomy":"category","embeddable":true,"href":"https:\/\/zonaroja.com.mx\/index.php?rest_route=%2Fwp%2Fv2%2Fcategories&post=72653"},{"taxonomy":"post_tag","embeddable":true,"href":"https:\/\/zonaroja.com.mx\/index.php?rest_route=%2Fwp%2Fv2%2Ftags&post=72653"}],"curies":[{"name":"wp","href":"https:\/\/api.w.org\/{rel}","templated":true}]}}