{"id":72656,"date":"2024-09-21T11:48:00","date_gmt":"2024-09-21T17:48:00","guid":{"rendered":"https:\/\/zonaroja.com.mx\/?p=72656"},"modified":"2024-09-21T07:49:04","modified_gmt":"2024-09-21T13:49:04","slug":"responde-eu-no-somos-responsables-de-la-violencia-en-sinaloa","status":"publish","type":"post","link":"https:\/\/zonaroja.com.mx\/?p=72656","title":{"rendered":"Responde EU: no somos responsables de la violencia en Sinaloa"},"content":{"rendered":"\n<p>Redacci\u00f3n\/Zona Roja Cdmx.<\/p>\n\n\n\n<p>Ciudad de M\u00e9xico, a 21 de septiembre de 2024.- El Embajador de Estados Unidos en M\u00e9xico, Ken Salazar, asegur\u00f3 este viernes 20 de septiembre que su pa\u00eds no es corresponsable de la violencia que se vive en el estado de Sinaloa, como lo afirm\u00f3 el presidente Andr\u00e9s Manuel L\u00f3pez Obrador, donde \u201cLos Chapitos\u201d y \u201cLos Mayos\u201d se enfrentan desde el pasado 9 de septiembre.<\/p>\n\n\n\n<p>Ken Salazar dijo en conferencia de prensa desde Chihuahua no estar de acuerdo con las afirmaciones del titular del Ejecutivo Federal sobre que los EEUU era \u201ccorresponsable\u201d responsable de la situaci\u00f3n ante el arresto \u201cilegal\u201d de Ismael \u201cEl Mayo\u201d Zambada en Nuevo M\u00e9xico el pasado 25 de julio.<\/p>\n\n\n\n<p>\u201cS\u00ed, claro que s\u00ed (es corresponsable Estados Unidos), por haber llevado a cabo ese operativo (contra Zambada). No (afecta la relaci\u00f3n bilateral), nada m\u00e1s que ellos vayan internalizando que no se puede actuar as\u00ed, sin tomar en cuenta al Gobierno de M\u00e9xico\u201d, respondi\u00f3 a pregunta expresa AMLO en su conferencia matutina del 19 de septiembre.<\/p>\n\n\n\n<p>El presidente L\u00f3pez Obrador destac\u00f3 que la pugna interna se debe a las facciones del C\u00e1rtel de Sinaloa: \u201cLos Chapitos\u201d y \u201cLos Mayos\u201d luego del arresto \u201cilegal\u201d de Zambada Garc\u00eda.<\/p>\n\n\n\n<p>\u201cNo puede ser correcto porque asesinaron personas, fue totalmente ilegal y estaban esperando al se\u00f1or \u2018Mayo\u2019 agentes del Departamento de Justicia (de EE.UU.)\u201d, se\u00f1al\u00f3 el presidente mexicano que apunt\u00f3 que en el arresto de Zambada Garc\u00eda y de Guzm\u00e1n L\u00f3pez \u201chubo un arreglo\u201d con Washington, y derivado de ello se \u201cprodujo\u201d la confrontaci\u00f3n que se est\u00e1 dando en Sinaloa.<\/p>\n\n\n\n<p>\u201cEso requiere de una explicaci\u00f3n, porque si ahora estamos enfrentando en Sinaloa una situaci\u00f3n de inestabilidad, de confrontaci\u00f3n, se debe a que (en Estados Unidos) tomaron esa decisi\u00f3n, y nosotros no estamos de acuerdo en que se ignore a M\u00e9xico porque aqu\u00ed tenemos el problema\u201d, declar\u00f3.<\/p>\n\n\n\n<p>Cabe recordar que el presidente L\u00f3pez Obrador tambi\u00e9n reclam\u00f3 que la Fiscal\u00eda General de la Rep\u00fablica (FGR) todav\u00eda no ha recibido toda la informaci\u00f3n sobre c\u00f3mo se dio el arresto del l\u00edder m\u00e1s longevo del C\u00e1rtel de Sinaloa.&nbsp;<\/p>\n\n\n\n<p>El mandatario mexicano apunt\u00f3 que la autoridad ministerial conoce que Guzm\u00e1n L\u00f3pez ten\u00eda una cuerdo con las autoridades norteamericanas, lo que benefici\u00f3 al cambio de estatus penitenciario de Ovidio Guzm\u00e1n, alias \u201cEl Rat\u00f3n\u201d.<\/p>\n\n\n\n<p>\u201cNo es lo mismo cuando el Estado mexicano interviene a que se d\u00e9 un asunto completamente irregular de que alguien es secuestrado mediante un acuerdo y se lo llevan a Estados Unidos\u201d.<\/p>\n\n\n\n<p>\u201cClaro, lo estamos enfrentando, lo estamos resolviendo, pero en Sinaloa no hab\u00eda la violencia que hay ahora, tampoco es como se piensa que est\u00e1 completamente fuera de control\u201d, argument\u00f3.<\/p>\n\n\n\n<p>Por ello, Ken Salazar declar\u00f3 en Chihuahua: \u201cEso no es culpa de los Estados Unidos, la realidad es que hay un problema de inseguridad y de violencia. Esto lo vamos a tener que llevar con una colaboraci\u00f3n fuerte y profunda\u201d.<\/p>\n\n\n\n<p>Minutos despu\u00e9s de su declaraci\u00f3n en Chihuahua, el embajador de EEUU agradeci\u00f3 al gobierno de M\u00e9xico por su colaboraci\u00f3n en la declaraci\u00f3n de culpabilidad en la Uni\u00f3n Americana de Rub\u00e9n Oseguera Gonz\u00e1lez, alias \u201cEl Menchito\u201d, por cargos de tr\u00e1fico de drogas y posesi\u00f3n de armas de fuego cuando era el segundo al mando del C\u00e1rtel Jalisco Nueva Generaci\u00f3n (CJNG), mismo que lidera su padre Nemesio Oseguera Cervantes.<\/p>\n\n\n\n<p>\u201cComo lo se\u00f1al\u00f3 el fiscal general Garland, agradecemos a nuestros socios de las fuerzas del orden mexicanas por su amplia cooperaci\u00f3n y sacrificio para hacer rendir cuentas a los l\u00edderes del C\u00e1rtel de Jalisco\u201d, escribi\u00f3 Salazar en su cuenta X.<\/p>\n\n\n\n<p>(Informaci\u00f3n de Infobae M\u00e9xico)<\/p>\n","protected":false},"excerpt":{"rendered":"<p>Redacci\u00f3n\/Zona Roja Cdmx. Ciudad de M\u00e9xico, a 21 de septiembre de 2024.- El Embajador de&hellip;<\/p>\n","protected":false},"author":2,"featured_media":65716,"comment_status":"closed","ping_status":"open","sticky":false,"template":"","format":"standard","meta":{"_lmt_disableupdate":"","_lmt_disable":"","_jetpack_memberships_contains_paid_content":false,"footnotes":""},"categories":[109,47],"tags":[3855],"class_list":["post-72656","post","type-post","status-publish","format-standard","has-post-thumbnail","hentry","category-minuto-a-minuto","category-zona-gris","tag-ken-salazar-embajador"],"jetpack_featured_media_url":"https:\/\/zonaroja.com.mx\/wp-content\/uploads\/2024\/02\/Lopez-Obrador-y-Ken-Salazar.jpg","jetpack_sharing_enabled":true,"_links":{"self":[{"href":"https:\/\/zonaroja.com.mx\/index.php?rest_route=\/wp\/v2\/posts\/72656","targetHints":{"allow":["GET"]}}],"collection":[{"href":"https:\/\/zonaroja.com.mx\/index.php?rest_route=\/wp\/v2\/posts"}],"about":[{"href":"https:\/\/zonaroja.com.mx\/index.php?rest_route=\/wp\/v2\/types\/post"}],"author":[{"embeddable":true,"href":"https:\/\/zonaroja.com.mx\/index.php?rest_route=\/wp\/v2\/users\/2"}],"replies":[{"embeddable":true,"href":"https:\/\/zonaroja.com.mx\/index.php?rest_route=%2Fwp%2Fv2%2Fcomments&post=72656"}],"version-history":[{"count":1,"href":"https:\/\/zonaroja.com.mx\/index.php?rest_route=\/wp\/v2\/posts\/72656\/revisions"}],"predecessor-version":[{"id":72657,"href":"https:\/\/zonaroja.com.mx\/index.php?rest_route=\/wp\/v2\/posts\/72656\/revisions\/72657"}],"wp:featuredmedia":[{"embeddable":true,"href":"https:\/\/zonaroja.com.mx\/index.php?rest_route=\/wp\/v2\/media\/65716"}],"wp:attachment":[{"href":"https:\/\/zonaroja.com.mx\/index.php?rest_route=%2Fwp%2Fv2%2Fmedia&parent=72656"}],"wp:term":[{"taxonomy":"category","embeddable":true,"href":"https:\/\/zonaroja.com.mx\/index.php?rest_route=%2Fwp%2Fv2%2Fcategories&post=72656"},{"taxonomy":"post_tag","embeddable":true,"href":"https:\/\/zonaroja.com.mx\/index.php?rest_route=%2Fwp%2Fv2%2Ftags&post=72656"}],"curies":[{"name":"wp","href":"https:\/\/api.w.org\/{rel}","templated":true}]}}