{"id":72658,"date":"2024-09-21T12:49:00","date_gmt":"2024-09-21T18:49:00","guid":{"rendered":"https:\/\/zonaroja.com.mx\/?p=72658"},"modified":"2024-09-21T07:51:39","modified_gmt":"2024-09-21T13:51:39","slug":"violentadores-de-mujeres-ediles-de-ocotlan-y-papalutla-tambien-el-pup","status":"publish","type":"post","link":"https:\/\/zonaroja.com.mx\/?p=72658","title":{"rendered":"Violentadores de mujeres, ediles de Ocotl\u00e1n y Papalutla; tambi\u00e9n el PUP"},"content":{"rendered":"\n<p>Redacci\u00f3n\/Zona Roja.&nbsp;<\/p>\n\n\n\n<p>Oaxaca de Ju\u00e1rez, Oax., a 21 de septiembre de 2024.- El Tribunal Electoral del Estado de Oaxaca (TEEO) acredit\u00f3 la violencia pol\u00edtica en raz\u00f3n de g\u00e9nero cometida por el presidente municipal, regidor de hacienda y secretario municipal de Ocotl\u00e1n de Morelos, as\u00ed como, por el presidente municipal de Santa Cruz Papalutla; en contra de integrantes de esos ayuntamientos.<\/p>\n\n\n\n<p>En el primero de estos asuntos, mediante la resoluci\u00f3n de los juicios ciudadanos con claves: JDC\/05\/2024 y su acumulado JDC\/96\/2024; por unanimidad, el Pleno de este \u00f3rgano jurisdiccional se\u00f1al\u00f3 que las referidas autoridades municipales, de manera deliberada, obstaculizaron y menoscabaron los derechos de la s\u00edndica municipal de Ocotl\u00e1n, dentro de un contexto de discriminaci\u00f3n por raz\u00f3n de g\u00e9nero.<\/p>\n\n\n\n<p>Detall\u00f3 que la falta de respuesta a las solicitudes de informaci\u00f3n y la exclusi\u00f3n de las sesiones son claros indicios de esta conducta, aunado a que el presidente municipal, regidor de hacienda y secretario municipal de Ocotl\u00e1n de Morelos admitieron en el informe presentado haber restringido el acceso de la actora a la informaci\u00f3n financiera, lo cual no tiene una justificaci\u00f3n v\u00e1lida y contradice el art\u00edculo 71 de la Ley Org\u00e1nica Municipal.<\/p>\n\n\n\n<p>Respecto a la violencia acreditada en el municipio de Santa Cruz Papalutla a trav\u00e9s del juicio ciudadano para los sistemas normativos internos: JDCI\/14\/2024; este Tribunal advirti\u00f3 que el presidente municipal ha realizado manifestaciones respecto a tres regidoras con un lenguaje sexista, mis\u00f3gino y discriminatorio, gener\u00e1ndoles violencia psicol\u00f3gica y simb\u00f3lica, pretendiendo as\u00ed la autoridad responsable, normalizar la subordinaci\u00f3n de la mujer ante la sociedad; seg\u00fan consta en las actas levantadas ante el s\u00edndico municipal.<\/p>\n\n\n\n<p>Adem\u00e1s, refiere esta resoluci\u00f3n, que qued\u00f3 demostrada la obstrucci\u00f3n al ejercicio del cargo de las actoras, lo anterior porque en las constancias que integran el expediente obra que el presidente municipal no ha permitido o creado mecanismos para el acceso de las regidoras a las oficinas que ocupa el palacio municipal a fin de que realicen sus actividades como concejales, sino que, ha hecho depender de su presencia y autorizaci\u00f3n como elemento trascendental para ello.<\/p>\n\n\n\n<p>CASO PUP&nbsp;<\/p>\n\n\n\n<p>El TEEO confirm\u00f3 acciones que constituyen violencia pol\u00edtica en raz\u00f3n de g\u00e9nero cometida por un militante del Partido Unidad Popular (PUP), en contra de una mujer integrante de la Comisi\u00f3n de Honor y Justicia de ese instituto pol\u00edtico.<\/p>\n\n\n\n<p>La resoluci\u00f3n del juicio ciudadano con clave JDC\/88\/2024 se\u00f1ala que el ciudadano Catarino Castillo Santiago, militante del citado partido; ha proliferado expresiones contra la actora, las que tienen un sesgo de g\u00e9nero, denost\u00e1ndola como mujer en la vida pol\u00edtica del instituto pol\u00edtico al que pertenece, obstaculizando el ejercicio de su derecho de participaci\u00f3n pol\u00edtica; y violent\u00e1ndola de manera verbal, psicol\u00f3gica y simb\u00f3lica.<\/p>\n\n\n\n<p>Por otro lado, advirti\u00f3 que el presidente de la Comisi\u00f3n de Honor y Justicia del PUP ha obstruido del cargo a un grupo de mujeres de dicho \u00f3rgano interno, ya que, argument\u00f3, &nbsp;tal como qued\u00f3 demostrado en el incidente de ejecuci\u00f3n de sentencia dictado el pasado tres de septiembre en el expediente JDC\/152\/2023, no obra evidencia de que efectivamente hayan participado como integrantes de la Comisi\u00f3n de Justicia, en la sustanciaci\u00f3n y resoluci\u00f3n del expediente intra partidario.<\/p>\n\n\n\n<p>(Comunicado)<\/p>\n","protected":false},"excerpt":{"rendered":"<p>Redacci\u00f3n\/Zona Roja.&nbsp; Oaxaca de Ju\u00e1rez, Oax., a 21 de septiembre de 2024.- El Tribunal Electoral&hellip;<\/p>\n","protected":false},"author":2,"featured_media":70521,"comment_status":"closed","ping_status":"open","sticky":false,"template":"","format":"standard","meta":{"_lmt_disableupdate":"","_lmt_disable":"","_jetpack_memberships_contains_paid_content":false,"footnotes":""},"categories":[109,47],"tags":[2235],"class_list":["post-72658","post","type-post","status-publish","format-standard","has-post-thumbnail","hentry","category-minuto-a-minuto","category-zona-gris","tag-tribunal-electoral-del-estado-de-oaxaca-teeo"],"jetpack_featured_media_url":"https:\/\/zonaroja.com.mx\/wp-content\/uploads\/2024\/07\/TEEO-Tribunal-Electoral.jpg","jetpack_sharing_enabled":true,"_links":{"self":[{"href":"https:\/\/zonaroja.com.mx\/index.php?rest_route=\/wp\/v2\/posts\/72658","targetHints":{"allow":["GET"]}}],"collection":[{"href":"https:\/\/zonaroja.com.mx\/index.php?rest_route=\/wp\/v2\/posts"}],"about":[{"href":"https:\/\/zonaroja.com.mx\/index.php?rest_route=\/wp\/v2\/types\/post"}],"author":[{"embeddable":true,"href":"https:\/\/zonaroja.com.mx\/index.php?rest_route=\/wp\/v2\/users\/2"}],"replies":[{"embeddable":true,"href":"https:\/\/zonaroja.com.mx\/index.php?rest_route=%2Fwp%2Fv2%2Fcomments&post=72658"}],"version-history":[{"count":1,"href":"https:\/\/zonaroja.com.mx\/index.php?rest_route=\/wp\/v2\/posts\/72658\/revisions"}],"predecessor-version":[{"id":72659,"href":"https:\/\/zonaroja.com.mx\/index.php?rest_route=\/wp\/v2\/posts\/72658\/revisions\/72659"}],"wp:featuredmedia":[{"embeddable":true,"href":"https:\/\/zonaroja.com.mx\/index.php?rest_route=\/wp\/v2\/media\/70521"}],"wp:attachment":[{"href":"https:\/\/zonaroja.com.mx\/index.php?rest_route=%2Fwp%2Fv2%2Fmedia&parent=72658"}],"wp:term":[{"taxonomy":"category","embeddable":true,"href":"https:\/\/zonaroja.com.mx\/index.php?rest_route=%2Fwp%2Fv2%2Fcategories&post=72658"},{"taxonomy":"post_tag","embeddable":true,"href":"https:\/\/zonaroja.com.mx\/index.php?rest_route=%2Fwp%2Fv2%2Ftags&post=72658"}],"curies":[{"name":"wp","href":"https:\/\/api.w.org\/{rel}","templated":true}]}}