{"id":72667,"date":"2024-09-22T07:31:00","date_gmt":"2024-09-22T13:31:00","guid":{"rendered":"https:\/\/zonaroja.com.mx\/?p=72667"},"modified":"2024-09-22T06:33:43","modified_gmt":"2024-09-22T12:33:43","slug":"matan-a-un-segundo-comandante-de-hezbollah-culpan-a-israel","status":"publish","type":"post","link":"https:\/\/zonaroja.com.mx\/?p=72667","title":{"rendered":"Matan a un segundo comandante de Hezbollah; culpan a Israel"},"content":{"rendered":"\n<p>Redacci\u00f3n\/Zona Roja Cdmx.<\/p>\n\n\n\n<p>Ciudad de M\u00e9xico, a 22 de septiembre de 2024.- El grupo terrorista Hezbollah confirm\u00f3 este s\u00e1bado que un segundo comandante de alto rango, Ahmed Mahmud Wahbi, fue neutralizado durante un ataque a\u00e9reo israel\u00ed sobre su basti\u00f3n en el sur de Beirut.<\/p>\n\n\n\n<p>Wahbi se encontraba entre los 15 combatientes neutralizados tras el bombardeo, que tambi\u00e9n elimin\u00f3 a Ibrahim Aqil, jefe de la \u00e9lite militar de Hezbollah, la Fuerza Radwan.<\/p>\n\n\n\n<p>Nacido en 1964 en el sur del L\u00edbano, con 20 a\u00f1os fue capturado por Israel y tras su liberaci\u00f3n ocup\u00f3 diferentes cargos en la estructura del grupo armado.<\/p>\n\n\n\n<p>Seg\u00fan la organizaci\u00f3n terrorista proiran\u00ed, Wahdi desempe\u00f1\u00f3 diversas responsabilidades de liderazgo en la Unidad Central de Entrenamiento hasta 2007 y posteriormente asumi\u00f3 durante cinco a\u00f1os la formaci\u00f3n en la Fuerza Radwan, cuyas operaciones militares dirigi\u00f3 hasta principios de 2024, antes de reasumir su papel en la unidad de entrenamiento tras la muerte del comandante Haj Wissam Al Tawil.<\/p>\n\n\n\n<p>El bombardeo selectivo de las Fuerzas de Defensa de Israel (FDI) se llev\u00f3 a cabo en respuesta a los movimientos y planes militares de Hezbollah en coordinaci\u00f3n con Hamas.<\/p>\n\n\n\n<p>El grupo chi\u00ed emiti\u00f3 tambi\u00e9n otro comunicado m\u00e1s amplio sobre el comandante Ibrahim Aqil, cuya muerte ya anunci\u00f3 pasada la medianoche sin ofrecer entonces muchos detalles.<\/p>\n\n\n\n<p>En la biograf\u00eda de este comandante, nacido en una localidad del Valle de la Bekaa en el 1962, Hezbollah destac\u00f3 su pertenencia a la \u201cgeneraci\u00f3n fundadora de la obra isl\u00e1mica en Beirut\u201d, su liderazgo en la d\u00e9cada de 1980 y su toma de poder al frente del Estado Mayor del movimiento chi\u00ed liban\u00e9s a mediados de la d\u00e9cada de 1990<\/p>\n\n\n\n<p>Seg\u00fan las autoridades israel\u00edes, Aqil estaba planeando una incursi\u00f3n terrestre contra Israel, similar a los ataques perpetrados por Hamas.<\/p>\n\n\n\n<p>\u201cA partir de 2008, ocup\u00f3 el cargo de vicesecretario general de Operaciones y supervis\u00f3 el establecimiento, desarrollo y liderazgo de la Fuerza Radwan hasta su martirio\u201d, agreg\u00f3 la nota sobre Aqil, quien Israel asegura que era el jefe de Operaciones Militares del movimiento armado.<\/p>\n\n\n\n<p>Aqil, como jefe de la Fuerza Radwan, era responsable de coordinar ataques y operaciones ofensivas contra Israel, lo que lo convert\u00eda en un objetivo prioritario para las Fuerzas de Defensa (FDI).<\/p>\n\n\n\n<p>Hezbollah public\u00f3 posteriormente breves comunicados con las fotograf\u00edas de los otros 14 miembros muertos en el bombardeo, aunque no especific\u00f3 si todos ellos pertenec\u00edan a la Fuerza Radwan.<\/p>\n\n\n\n<p>Con ello, el grupo liban\u00e9s elev\u00f3 a 16 la cifra de los muertos entre sus filas por el ataque israel\u00ed contra un edificio residencial en los suburbios meridionales de Beirut, conocidos como el Dahye.<\/p>\n\n\n\n<p>Este ataque selectivo israel\u00ed se produce menos de dos meses despu\u00e9s de que otro bombardeo atribuido a Israel acabara con la vida del entonces m\u00e1ximo comandante militar de Hezbollah, Fuad Shukr, tambi\u00e9n en un inmueble del Dahye.<\/p>\n\n\n\n<p>En esta ocasi\u00f3n, el nuevo ataque despu\u00e9s de que esta semana dos olas de explosiones simult\u00e1neas en miles de aparatos de comunicaci\u00f3n portados por integrantes de Hezbollah mataran a 37 personas e hirieran a casi 3.000 en el L\u00edbano.<\/p>\n\n\n\n<p>(Con informaci\u00f3n de EFE y Europa Press, en Infobae M\u00e9xico)<\/p>\n","protected":false},"excerpt":{"rendered":"<p>Redacci\u00f3n\/Zona Roja Cdmx. Ciudad de M\u00e9xico, a 22 de septiembre de 2024.- El grupo terrorista&hellip;<\/p>\n","protected":false},"author":2,"featured_media":72668,"comment_status":"closed","ping_status":"open","sticky":false,"template":"","format":"standard","meta":{"_lmt_disableupdate":"","_lmt_disable":"","_jetpack_memberships_contains_paid_content":false,"footnotes":""},"categories":[109,47],"tags":[2668],"class_list":["post-72667","post","type-post","status-publish","format-standard","has-post-thumbnail","hentry","category-minuto-a-minuto","category-zona-gris","tag-conflicto-gaza-israel"],"jetpack_featured_media_url":"https:\/\/zonaroja.com.mx\/wp-content\/uploads\/2024\/09\/Comandante-Hezbollah-Ahmed.jpg","jetpack_sharing_enabled":true,"_links":{"self":[{"href":"https:\/\/zonaroja.com.mx\/index.php?rest_route=\/wp\/v2\/posts\/72667","targetHints":{"allow":["GET"]}}],"collection":[{"href":"https:\/\/zonaroja.com.mx\/index.php?rest_route=\/wp\/v2\/posts"}],"about":[{"href":"https:\/\/zonaroja.com.mx\/index.php?rest_route=\/wp\/v2\/types\/post"}],"author":[{"embeddable":true,"href":"https:\/\/zonaroja.com.mx\/index.php?rest_route=\/wp\/v2\/users\/2"}],"replies":[{"embeddable":true,"href":"https:\/\/zonaroja.com.mx\/index.php?rest_route=%2Fwp%2Fv2%2Fcomments&post=72667"}],"version-history":[{"count":1,"href":"https:\/\/zonaroja.com.mx\/index.php?rest_route=\/wp\/v2\/posts\/72667\/revisions"}],"predecessor-version":[{"id":72669,"href":"https:\/\/zonaroja.com.mx\/index.php?rest_route=\/wp\/v2\/posts\/72667\/revisions\/72669"}],"wp:featuredmedia":[{"embeddable":true,"href":"https:\/\/zonaroja.com.mx\/index.php?rest_route=\/wp\/v2\/media\/72668"}],"wp:attachment":[{"href":"https:\/\/zonaroja.com.mx\/index.php?rest_route=%2Fwp%2Fv2%2Fmedia&parent=72667"}],"wp:term":[{"taxonomy":"category","embeddable":true,"href":"https:\/\/zonaroja.com.mx\/index.php?rest_route=%2Fwp%2Fv2%2Fcategories&post=72667"},{"taxonomy":"post_tag","embeddable":true,"href":"https:\/\/zonaroja.com.mx\/index.php?rest_route=%2Fwp%2Fv2%2Ftags&post=72667"}],"curies":[{"name":"wp","href":"https:\/\/api.w.org\/{rel}","templated":true}]}}