{"id":72670,"date":"2024-09-22T08:39:00","date_gmt":"2024-09-22T14:39:00","guid":{"rendered":"https:\/\/zonaroja.com.mx\/?p=72670"},"modified":"2024-09-22T06:41:48","modified_gmt":"2024-09-22T12:41:48","slug":"con-inauguracion-de-obras-culminan-giras-de-lopez-obrador-a-oaxaca","status":"publish","type":"post","link":"https:\/\/zonaroja.com.mx\/?p=72670","title":{"rendered":"Con inauguraci\u00f3n de obras culminan giras de L\u00f3pez Obrador a Oaxaca"},"content":{"rendered":"\n<p>Redacci\u00f3n\/Zona Roja.&nbsp;<\/p>\n\n\n\n<p>Oaxaca de Ju\u00e1rez, Oax., a 22 de septiembre de 2024.- Desde Guelatao, la cuna del Benem\u00e9rito de las Am\u00e9ricas, Benito Ju\u00e1rez Garc\u00eda, el gobernador Salom\u00f3n Jara Cruz reconoci\u00f3 el trabajo del Presidente de la Rep\u00fablica, Andr\u00e9s Manuel L\u00f3pez Obrador, quien en el gobierno de la Cuarta Transformaci\u00f3n hizo posible que se reconocieran a los pueblos y comunidades ind\u00edgenas como sujetos de derecho p\u00fablico con personalidad jur\u00eddica y patrimonio propio.<\/p>\n\n\n\n<p>\u201cEn Oaxaca muy cerca del cierre de su gobierno, le agradecemos que nunca nos dio esperanza fallida. En cada rinc\u00f3n de la entidad, hay una historia que se contar\u00e1 por siglos; su mandato concluye, pero usted no se va porque el pueblo de M\u00e9xico lo abrazar\u00e1 y tendr\u00e1 siempre presente\u201d, asever\u00f3 durante la inauguraci\u00f3n del camino artesanal Benito Ju\u00e1rez.<\/p>\n\n\n\n<p>De esta manera y junto a la Presidenta electa Claudia Sheinbaum Pardo, el mandatario estatal reiter\u00f3 al Presidente de M\u00e9xico su m\u00e1s sincero reconocimiento, por haber cumplido siempre su palabra, y por sentar las bases constitucionales y sociales, que permitir\u00e1n a los pueblos y comunidades ser los arquitectos de su propio destino.<\/p>\n\n\n\n<p>JUSTICIA SOCIAL&nbsp;<\/p>\n\n\n\n<p>Como un acto de justicia social para los pueblos de Oaxaca, el Presidente de M\u00e9xico Andr\u00e9s Manuel L\u00f3pez Obrador y el gobernador Salom\u00f3n Jara Cruz inauguraron el camino artesanal Benito Ju\u00e1rez, tramo que abarca 43 kil\u00f3metros y que va de Guelatao de Ju\u00e1rez hasta Tlalixtac de Cabrera.&nbsp;<\/p>\n\n\n\n<p>El titular del Poder Ejecutivo refiri\u00f3 que esta vialidad y los caminos artesanales realizados en este sexenio, son el rostro y la huella imborrable de un gobierno que obedeci\u00f3 el mandato popular y le devolvi\u00f3 al pueblo su papel protag\u00f3nico en los asuntos p\u00fablicos.<\/p>\n\n\n\n<figure class=\"wp-block-embed is-type-rich is-provider-twitter wp-block-embed-twitter\"><div class=\"wp-block-embed__wrapper\">\n<div class=\"twitter-tweet\"><blockquote class=\"twitter-tweet\" data-lang=\"es\"><p lang=\"es\" dir=\"ltr\">Y este es un extracto de la intervenci\u00f3n del Presidente <a href=\"https:\/\/twitter.com\/lopezobrador_?ref_src=twsrc%5Etfw\">@lopezobrador_<\/a> desde la tierra de Ju\u00e1rez, Guelatao, donde hizo un recuento de las acciones relevantes durante su sexenio. <br>Con ello culmina este s\u00e1bado sus visitas a Oaxaca. <a href=\"https:\/\/t.co\/PFihcvJpe5\">pic.twitter.com\/PFihcvJpe5<\/a><\/p>&mdash; Zona Roja Oaxaca (@ZonaRoja_Oaxaca) <a href=\"https:\/\/twitter.com\/ZonaRoja_Oaxaca\/status\/1837628883765448926?ref_src=twsrc%5Etfw\">21 de septiembre de 2024<\/a><\/blockquote><\/div>\n<\/div><\/figure>\n\n\n\n<p>Cabe destacar que en la entidad, el Gobierno Federal realiz\u00f3 204 caminos que transformaron la geograf\u00eda del estado y la vida cotidiana de las personas al reducir el tiempo de traslado y facilitar el acceso de servicios esenciales; con ello se beneficiaron 201 municipios, 523 localidades y m\u00e1s de 550 mil habitantes.<\/p>\n\n\n\n<p>SANTUARIO CULTURAL<\/p>\n\n\n\n<p>En su oportunidad, el Presidente Andr\u00e9s Manuel L\u00f3pez Obrador refiri\u00f3 que durante su administraci\u00f3n se trabaj\u00f3 para aportar un modelo de desarrollo y una pol\u00edtica distinta para fortalecer la democracia en M\u00e9xico y restituir el poder del pueblo.<\/p>\n\n\n\n<p>Luego de reafirmar su respaldo y apoyo a Oaxaca, se\u00f1al\u00f3 que la entidad es un ejemplo nacional y mundial por su cultura, ya que no hay un ninguna otra que mantenga sus tradiciones, costumbres, lenguas y organizaci\u00f3n social.&nbsp;<\/p>\n\n\n\n<p>\u201cEl humanismo mexicano tiene dos pilares, uno de ellos la grandeza cultural del pa\u00eds, algo que nos hace \u00fanicos y los mejores, por eso Oaxaca es el principal santuario cultural de M\u00e9xico\u201d, puntualiz\u00f3.<\/p>\n\n\n\n<p>En tanto, la Presidenta electa de M\u00e9xico, Claudia Sheinbaum, reiter\u00f3 su compromiso para seguir impulsando la transformaci\u00f3n de Oaxaca.&nbsp;<\/p>\n\n\n\n<p>\u201cDar continuidad es seguir con los programas de bienestar ya establecidos, pero tambi\u00e9n con caminos artesanales hacia las agencias, con el apoyo a mujeres de 60 a 64 a\u00f1os -a quienes es necesario reconocerles su trabajo en la sociedad- la universalidad de la beca Benito Ju\u00e1rez y llevar la salud para todas y todos\u201d, expres\u00f3.<\/p>\n\n\n\n<p>Durante la actividad, se otorgaron reconocimientos de caminos de mano obra a los municipios de Mazatl\u00e1n Villa de Flores, San Mateo Pi\u00f1as, Santa Cruz Tacahua, Teococuilco de Marcos P\u00e9rez, Santa Cruz Zenzontepec, San Juan del R\u00edo, San Miguel Tenango, Santa Catarina Ixtepeji. San Juan Chicomez\u00fachil, Tlalixtac de Cabrera y Guelatao de Ju\u00e1rez.<\/p>\n\n\n\n<p>Tambi\u00e9n se inici\u00f3 la entrega de uniformes escolares en la entidad que responde al compromiso del Gobierno de M\u00e9xico con las y los maestros de la Secci\u00f3n 22 del Sindicato Nacional de Trabajadores de la Educaci\u00f3n (SNTE), as\u00ed como con madres y padres de familia.<\/p>\n\n\n\n<figure class=\"wp-block-embed is-type-rich is-provider-twitter wp-block-embed-twitter\"><div class=\"wp-block-embed__wrapper\">\n<div class=\"twitter-tweet\"><blockquote class=\"twitter-tweet\" data-lang=\"es\"><p lang=\"es\" dir=\"ltr\"><a href=\"https:\/\/twitter.com\/hashtag\/%C3%9AltimoMinuto?src=hash&amp;ref_src=twsrc%5Etfw\">#\u00daltimoMinuto<\/a><br>Este es parte del mensaje de bienvenida del gobernador de Oaxaca, <a href=\"https:\/\/twitter.com\/salomonj?ref_src=twsrc%5Etfw\">@salomonj<\/a>, al Presidente <a href=\"https:\/\/twitter.com\/lopezobrador_?ref_src=twsrc%5Etfw\">@lopezobrador_<\/a> y a la pr\u00f3xima mandataria, <a href=\"https:\/\/twitter.com\/Claudiashein?ref_src=twsrc%5Etfw\">@Claudiashein<\/a>, en Guelatao de Ju\u00e1rez. <a href=\"https:\/\/t.co\/WyJ4nZ7qLs\">pic.twitter.com\/WyJ4nZ7qLs<\/a><\/p>&mdash; Zona Roja Oaxaca (@ZonaRoja_Oaxaca) <a href=\"https:\/\/twitter.com\/ZonaRoja_Oaxaca\/status\/1837612588202332388?ref_src=twsrc%5Etfw\">21 de septiembre de 2024<\/a><\/blockquote><\/div>\n<\/div><\/figure>\n","protected":false},"excerpt":{"rendered":"<p>Redacci\u00f3n\/Zona Roja.&nbsp; Oaxaca de Ju\u00e1rez, Oax., a 22 de septiembre de 2024.- Desde Guelatao, la&hellip;<\/p>\n","protected":false},"author":2,"featured_media":72671,"comment_status":"closed","ping_status":"open","sticky":false,"template":"","format":"standard","meta":{"_lmt_disableupdate":"","_lmt_disable":"","_jetpack_memberships_contains_paid_content":false,"footnotes":""},"categories":[109,46],"tags":[1538,939],"class_list":["post-72670","post","type-post","status-publish","format-standard","has-post-thumbnail","hentry","category-minuto-a-minuto","category-zona-blanca","tag-gira-de-lopez-obrador-en-oaxaca","tag-salomon-jara-cruz"],"jetpack_featured_media_url":"https:\/\/zonaroja.com.mx\/wp-content\/uploads\/2024\/09\/Salomon-Jara-Clausia-Sheinbaum.jpg","jetpack_sharing_enabled":true,"_links":{"self":[{"href":"https:\/\/zonaroja.com.mx\/index.php?rest_route=\/wp\/v2\/posts\/72670","targetHints":{"allow":["GET"]}}],"collection":[{"href":"https:\/\/zonaroja.com.mx\/index.php?rest_route=\/wp\/v2\/posts"}],"about":[{"href":"https:\/\/zonaroja.com.mx\/index.php?rest_route=\/wp\/v2\/types\/post"}],"author":[{"embeddable":true,"href":"https:\/\/zonaroja.com.mx\/index.php?rest_route=\/wp\/v2\/users\/2"}],"replies":[{"embeddable":true,"href":"https:\/\/zonaroja.com.mx\/index.php?rest_route=%2Fwp%2Fv2%2Fcomments&post=72670"}],"version-history":[{"count":1,"href":"https:\/\/zonaroja.com.mx\/index.php?rest_route=\/wp\/v2\/posts\/72670\/revisions"}],"predecessor-version":[{"id":72672,"href":"https:\/\/zonaroja.com.mx\/index.php?rest_route=\/wp\/v2\/posts\/72670\/revisions\/72672"}],"wp:featuredmedia":[{"embeddable":true,"href":"https:\/\/zonaroja.com.mx\/index.php?rest_route=\/wp\/v2\/media\/72671"}],"wp:attachment":[{"href":"https:\/\/zonaroja.com.mx\/index.php?rest_route=%2Fwp%2Fv2%2Fmedia&parent=72670"}],"wp:term":[{"taxonomy":"category","embeddable":true,"href":"https:\/\/zonaroja.com.mx\/index.php?rest_route=%2Fwp%2Fv2%2Fcategories&post=72670"},{"taxonomy":"post_tag","embeddable":true,"href":"https:\/\/zonaroja.com.mx\/index.php?rest_route=%2Fwp%2Fv2%2Ftags&post=72670"}],"curies":[{"name":"wp","href":"https:\/\/api.w.org\/{rel}","templated":true}]}}