{"id":72673,"date":"2024-09-22T10:46:00","date_gmt":"2024-09-22T16:46:00","guid":{"rendered":"https:\/\/zonaroja.com.mx\/?p=72673"},"modified":"2024-09-22T07:46:11","modified_gmt":"2024-09-22T13:46:11","slug":"sabado-violento-y-criminal-en-sinaloa-con-10-muertos","status":"publish","type":"post","link":"https:\/\/zonaroja.com.mx\/?p=72673","title":{"rendered":"S\u00e1bado violento y criminal en Sinaloa, con 10 muertos"},"content":{"rendered":"\n<p>Redacci\u00f3n\/Zona Roja Cdmx.<\/p>\n\n\n\n<p>Ciudad de M\u00e9xico, a 22 de septiembre de 2024.- Autoridades reportaron este s\u00e1bado balaceras en calles de Culiac\u00e1n, capital del estado de Sinaloa y bloqueos en importantes avenidas, en una jornada violenta en la que murieron 10 personas, seg\u00fan reportes period\u00edsticos.<\/p>\n\n\n\n<p>Los incidentes marcan el duod\u00e9cimo d\u00eda consecutivo de una asonada criminal debido al enfrentamiento entre facciones del C\u00e1rtel de Sinaloa, un poderoso grupo narcotraficante, tras la captura el pasado 25 de julio de su l\u00edder Ismael \u00abEl Mayo\u00bb Zambada por autoridades de Estados Unidos.<\/p>\n\n\n\n<p>El primero fue un enfrentamiento a tiros entre polic\u00edas y presuntos sicarios, seguido de un bloqueo de avenidas perpetrado por desconocidos en motos y autom\u00f3viles, que se apostaron a unos 200 metros de la fiscal\u00eda.<\/p>\n\n\n\n<p>El tercer evento ocurri\u00f3 cuando civiles armados atacaron a agentes de seguridad y se refugiaron luego en un edificio de departamentos. All\u00ed se enfrascaron en un tiroteo que dej\u00f3 tres presuntos delincuentes abatidos, uno detenido y dos soldados lesionados, inform\u00f3 el gobernador estatal Rub\u00e9n Rocha Moya v\u00eda X.<\/p>\n\n\n\n<p>\u00abLas fuerzas de seguridad lograron evacuar del inmueble donde se refugiaron los agresores a seis adultos y una menor de edad\u00bb, agreg\u00f3 Rocha, quien viaj\u00f3 este s\u00e1bado a Ciudad de M\u00e9xico para reunirse con la presidenta electa Claudia Sheinbaum, quien asumir\u00e1 el 1 de octubre.<\/p>\n\n\n\n<p>El gobierno central envi\u00f3 este s\u00e1bado 600 soldados para reforzar la seguridad en Sinaloa.<\/p>\n\n\n\n<p>Medios locales reportaron tambi\u00e9n el asesinato de siete personas. Los cad\u00e1veres de cinco de ellas fueron abandonados en plena calle, semidesnudos y portando sombreros, en lo que se presume es un mensaje intimidatorio entre los criminales en pugna.<\/p>\n\n\n\n<p>Autoridades no confirmaron hasta ahora dichos homicidios.<\/p>\n\n\n\n<p>La violencia en Sinaloa est\u00e1 focalizada principalmente en Culiac\u00e1n, asolada por combates, bloqueos de v\u00edas y una zozobra generalizada, que ha paralizado la vida y la econom\u00eda de esa regi\u00f3n.<\/p>\n\n\n\n<p>El saliente presidente Andr\u00e9s Manuel L\u00f3pez Obrador corresponsabiliz\u00f3 a Estados Unidos de la violencia por haber planificado unilateralmente la captura de Zambada.<\/p>\n\n\n\n<p>Tal se\u00f1alamiento fue rechazado el viernes por el embajador estadounidense en M\u00e9xico, quien niega adem\u00e1s que su pa\u00eds haya organizado la detenci\u00f3n.<\/p>\n\n\n\n<p>(Informaci\u00f3n de \u201cEl Economista\u201d)<\/p>\n","protected":false},"excerpt":{"rendered":"<p>Redacci\u00f3n\/Zona Roja Cdmx. Ciudad de M\u00e9xico, a 22 de septiembre de 2024.- Autoridades reportaron este&hellip;<\/p>\n","protected":false},"author":2,"featured_media":72675,"comment_status":"closed","ping_status":"open","sticky":false,"template":"","format":"standard","meta":{"_lmt_disableupdate":"","_lmt_disable":"","_jetpack_memberships_contains_paid_content":false,"footnotes":""},"categories":[109,47],"tags":[1335],"class_list":["post-72673","post","type-post","status-publish","format-standard","has-post-thumbnail","hentry","category-minuto-a-minuto","category-zona-gris","tag-culiacan-sinaloa"],"jetpack_featured_media_url":"https:\/\/zonaroja.com.mx\/wp-content\/uploads\/2024\/09\/Violencia-Sinaloa-Ejercito.jpg","jetpack_sharing_enabled":true,"_links":{"self":[{"href":"https:\/\/zonaroja.com.mx\/index.php?rest_route=\/wp\/v2\/posts\/72673","targetHints":{"allow":["GET"]}}],"collection":[{"href":"https:\/\/zonaroja.com.mx\/index.php?rest_route=\/wp\/v2\/posts"}],"about":[{"href":"https:\/\/zonaroja.com.mx\/index.php?rest_route=\/wp\/v2\/types\/post"}],"author":[{"embeddable":true,"href":"https:\/\/zonaroja.com.mx\/index.php?rest_route=\/wp\/v2\/users\/2"}],"replies":[{"embeddable":true,"href":"https:\/\/zonaroja.com.mx\/index.php?rest_route=%2Fwp%2Fv2%2Fcomments&post=72673"}],"version-history":[{"count":1,"href":"https:\/\/zonaroja.com.mx\/index.php?rest_route=\/wp\/v2\/posts\/72673\/revisions"}],"predecessor-version":[{"id":72676,"href":"https:\/\/zonaroja.com.mx\/index.php?rest_route=\/wp\/v2\/posts\/72673\/revisions\/72676"}],"wp:featuredmedia":[{"embeddable":true,"href":"https:\/\/zonaroja.com.mx\/index.php?rest_route=\/wp\/v2\/media\/72675"}],"wp:attachment":[{"href":"https:\/\/zonaroja.com.mx\/index.php?rest_route=%2Fwp%2Fv2%2Fmedia&parent=72673"}],"wp:term":[{"taxonomy":"category","embeddable":true,"href":"https:\/\/zonaroja.com.mx\/index.php?rest_route=%2Fwp%2Fv2%2Fcategories&post=72673"},{"taxonomy":"post_tag","embeddable":true,"href":"https:\/\/zonaroja.com.mx\/index.php?rest_route=%2Fwp%2Fv2%2Ftags&post=72673"}],"curies":[{"name":"wp","href":"https:\/\/api.w.org\/{rel}","templated":true}]}}