{"id":72677,"date":"2024-09-22T10:15:00","date_gmt":"2024-09-22T16:15:00","guid":{"rendered":"https:\/\/zonaroja.com.mx\/?p=72677"},"modified":"2024-09-22T10:19:13","modified_gmt":"2024-09-22T16:19:13","slug":"registra-oaxaca-alza-considerablemente-de-homicidios-en-agosto","status":"publish","type":"post","link":"https:\/\/zonaroja.com.mx\/?p=72677","title":{"rendered":"Registra Oaxaca alza considerablemente de homicidios en agosto"},"content":{"rendered":"\n<p>Ismael Garc\u00eda M.\/Zona Roja.<\/p>\n\n\n\n<p>Oaxaca de Ju\u00e1rez, Oax., a 22 de septiembre de 2024.- Durante el mes de agosto, Oaxaca registr\u00f3 un alza considerable en el n\u00famero de homicidios dolosos, con 85 casos, de acuerdo con el informe mensual del Secretariado Ejecutivo del Sistema Nacional de Seguridad P\u00fablica (SESNSP).<\/p>\n\n\n\n<p>En total, en los primeros ocho meses de este a\u00f1o, la entidad registra mil 537 homicidios, de los cuales 581 son del tipo doloso; de estos \u00faltimos, en julio se registraron 78, en junio 74, en mayo 77, en abril 75, en marzo 64, en febrero 60 y en enero fueron 68.<\/p>\n\n\n\n<p>Con respecto al n\u00famero total de delitos en general, el sistema nacional, con base en informaci\u00f3n proporcionada por la Fiscal\u00eda General del Estado, tiene contabilizados 25 mil 922, de los cuales cuatro mil 858 son contra la vida y la integridad corporal.<\/p>\n\n\n\n<p>En agosto pasado, se registr\u00f3 un total de tres mil 147 delitos en general; las cifras m\u00e1s altas se registraron en abril, con tres mil 566 y en mayo con tres mil 563.<\/p>\n\n\n\n<p>Del total de los 581 homicidios dolosos ocurridos de enero a agosto de este a\u00f1o, 475 se cometieron con el uso de arma de fuego, refiere el Secretariado Ejecutivo.<\/p>\n\n\n\n<p>Con respecto a los feminicidios, en ocho meses, Oaxaca registra nueve casos, pr\u00e1cticamente uno por mes; en agosto, julio y junio no hay registro de casos, mientras que en mayo fueron tres homicidios de este tipo.<\/p>\n","protected":false},"excerpt":{"rendered":"<p>Ismael Garc\u00eda M.\/Zona Roja. Oaxaca de Ju\u00e1rez, Oax., a 22 de septiembre de 2024.- Durante&hellip;<\/p>\n","protected":false},"author":2,"featured_media":70682,"comment_status":"closed","ping_status":"open","sticky":false,"template":"","format":"standard","meta":{"_lmt_disableupdate":"","_lmt_disable":"","_jetpack_memberships_contains_paid_content":false,"footnotes":""},"categories":[109,47],"tags":[174],"class_list":["post-72677","post","type-post","status-publish","format-standard","has-post-thumbnail","hentry","category-minuto-a-minuto","category-zona-gris","tag-secretariado-ejecutivo-del-sistema-nacional-de-seguridad-publica"],"jetpack_featured_media_url":"https:\/\/zonaroja.com.mx\/wp-content\/uploads\/2024\/07\/Homicidio-doloso-escena-asesinato.jpeg","jetpack_sharing_enabled":true,"_links":{"self":[{"href":"https:\/\/zonaroja.com.mx\/index.php?rest_route=\/wp\/v2\/posts\/72677","targetHints":{"allow":["GET"]}}],"collection":[{"href":"https:\/\/zonaroja.com.mx\/index.php?rest_route=\/wp\/v2\/posts"}],"about":[{"href":"https:\/\/zonaroja.com.mx\/index.php?rest_route=\/wp\/v2\/types\/post"}],"author":[{"embeddable":true,"href":"https:\/\/zonaroja.com.mx\/index.php?rest_route=\/wp\/v2\/users\/2"}],"replies":[{"embeddable":true,"href":"https:\/\/zonaroja.com.mx\/index.php?rest_route=%2Fwp%2Fv2%2Fcomments&post=72677"}],"version-history":[{"count":1,"href":"https:\/\/zonaroja.com.mx\/index.php?rest_route=\/wp\/v2\/posts\/72677\/revisions"}],"predecessor-version":[{"id":72678,"href":"https:\/\/zonaroja.com.mx\/index.php?rest_route=\/wp\/v2\/posts\/72677\/revisions\/72678"}],"wp:featuredmedia":[{"embeddable":true,"href":"https:\/\/zonaroja.com.mx\/index.php?rest_route=\/wp\/v2\/media\/70682"}],"wp:attachment":[{"href":"https:\/\/zonaroja.com.mx\/index.php?rest_route=%2Fwp%2Fv2%2Fmedia&parent=72677"}],"wp:term":[{"taxonomy":"category","embeddable":true,"href":"https:\/\/zonaroja.com.mx\/index.php?rest_route=%2Fwp%2Fv2%2Fcategories&post=72677"},{"taxonomy":"post_tag","embeddable":true,"href":"https:\/\/zonaroja.com.mx\/index.php?rest_route=%2Fwp%2Fv2%2Ftags&post=72677"}],"curies":[{"name":"wp","href":"https:\/\/api.w.org\/{rel}","templated":true}]}}