{"id":72682,"date":"2024-09-22T11:44:00","date_gmt":"2024-09-22T17:44:00","guid":{"rendered":"https:\/\/zonaroja.com.mx\/?p=72682"},"modified":"2024-09-22T07:45:21","modified_gmt":"2024-09-22T13:45:21","slug":"sentencian-a-30-anos-a-homicida-de-ocotlan-oaxaca","status":"publish","type":"post","link":"https:\/\/zonaroja.com.mx\/?p=72682","title":{"rendered":"Sentencian a 30 a\u00f1os a homicida de Ocotl\u00e1n, Oaxaca"},"content":{"rendered":"\n<p>Redacci\u00f3n\/Zona Roja.<\/p>\n\n\n\n<p>Oaxaca de Ju\u00e1rez, Oax. 22 de septiembre de 2024.- Derivado del trabajo ministerial que realiza la Fiscal\u00eda General del Estado de Oaxaca (FGEO) se obtuvo sentencia condenatoria de 30 a\u00f1os de prisi\u00f3n contra una persona del sexo masculino identificado como Sergio L.V., por el delito de Homicidio Calificado con Ventaja en agravio de F.L.A., en hechos ocurridos en la regi\u00f3n de los Valles Centrales.<\/p>\n\n\n\n<p>De acuerdo con lo asentado en el expediente penal, el 19 de abril de 2022, la v\u00edctima se encontraba en la esquina de las calles Industria y Francisco Villa de la colonia Tocuela perteneciente al municipio de Ocotl\u00e1n de Morelos, lugar a donde lleg\u00f3 el agresor y lo atac\u00f3 con un arma punzocortante (cuchillo) caus\u00e1ndole heridas que lo privaron de la vida.<\/p>\n\n\n\n<p>El expediente agrega que, el imputado fue detenido inmediatamente por elementos de la Polic\u00eda Municipal de la zona y puesto a disposici\u00f3n de la autoridad competente.<\/p>\n\n\n\n<p>La FGEO, al tomar conocimiento de los hechos, atrajo el caso e inici\u00f3 las labores ministeriales a trav\u00e9s de la Fiscal\u00eda de Delitos de Alto Impacto de la Vicefiscal\u00eda de Valles Centrales, que estableci\u00f3 s\u00f3lidas l\u00edneas de investigaci\u00f3n.<\/p>\n\n\n\n<p>La Fiscal\u00eda de Oaxaca aport\u00f3 los datos de prueba sobre el caso, ante los cuales, el Juez que atiende la causa dict\u00f3 sentencia condenatoria de 30 a\u00f1os de prisi\u00f3n contra Sergio L.V., por su responsabilidad en la comisi\u00f3n del delito de Homicidio Calificado con Ventaja e impuso el pago de m\u00e1s de 480 mil pesos por concepto de reparaci\u00f3n del da\u00f1o.<\/p>\n\n\n\n<p>VINCULADO A PROCESO<\/p>\n\n\n\n<p>Por otra parte, la Fiscal\u00eda General del Estado obtuvo auto de vinculaci\u00f3n a proceso y prisi\u00f3n preventiva en contra de una persona del sexo masculino identificado como A.P.C., por el delito de Abuso Sexual cometido en agravio de una menor de edad en la regi\u00f3n de la Costa.<\/p>\n\n\n\n<p>De acuerdo con la denuncia asentada en el expediente penal del caso, los hechos ocurrieron el 20 de agosto de 2024, cuando la v\u00edctima -una menor de 13 a\u00f1os de edad cuya identidad est\u00e1 reservada por ley- se encontraba en calles de Puerto Escondido en San Pedro Mixtepec, lugar donde una persona del sexo masculino la agredi\u00f3 sexualmente.<\/p>\n\n\n\n<p>Tras estos hechos y derivado de la denuncia interpuesta, la FGEO inici\u00f3 las investigaciones correspondientes a trav\u00e9s de la Vicefiscal\u00eda Regional de la Costa, las cuales permitieron obtener una orden de aprehensi\u00f3n contra el imputado para despu\u00e9s presentarlo ante la autoridad que lo requiri\u00f3.<\/p>\n\n\n\n<p>Gracias a los resultados del trabajo ministerial, el Juez tuvo los elementos jur\u00eddicos necesarios para dictar auto de vinculaci\u00f3n a proceso a A.P.C., por el delito de abuso sexual, otorgando un plazo de dos meses para el cierre de la investigaci\u00f3n complementaria.<\/p>\n","protected":false},"excerpt":{"rendered":"<p>Redacci\u00f3n\/Zona Roja. Oaxaca de Ju\u00e1rez, Oax. 22 de septiembre de 2024.- Derivado del trabajo ministerial&hellip;<\/p>\n","protected":false},"author":2,"featured_media":68512,"comment_status":"closed","ping_status":"open","sticky":false,"template":"","format":"standard","meta":{"_lmt_disableupdate":"","_lmt_disable":"","_jetpack_memberships_contains_paid_content":false,"footnotes":""},"categories":[109,47],"tags":[494],"class_list":["post-72682","post","type-post","status-publish","format-standard","has-post-thumbnail","hentry","category-minuto-a-minuto","category-zona-gris","tag-fiscalia-general-del-estado-de-oaxaca"],"jetpack_featured_media_url":"https:\/\/zonaroja.com.mx\/wp-content\/uploads\/2024\/05\/prision-carcel-sentenciado.jpg","jetpack_sharing_enabled":true,"_links":{"self":[{"href":"https:\/\/zonaroja.com.mx\/index.php?rest_route=\/wp\/v2\/posts\/72682","targetHints":{"allow":["GET"]}}],"collection":[{"href":"https:\/\/zonaroja.com.mx\/index.php?rest_route=\/wp\/v2\/posts"}],"about":[{"href":"https:\/\/zonaroja.com.mx\/index.php?rest_route=\/wp\/v2\/types\/post"}],"author":[{"embeddable":true,"href":"https:\/\/zonaroja.com.mx\/index.php?rest_route=\/wp\/v2\/users\/2"}],"replies":[{"embeddable":true,"href":"https:\/\/zonaroja.com.mx\/index.php?rest_route=%2Fwp%2Fv2%2Fcomments&post=72682"}],"version-history":[{"count":1,"href":"https:\/\/zonaroja.com.mx\/index.php?rest_route=\/wp\/v2\/posts\/72682\/revisions"}],"predecessor-version":[{"id":72683,"href":"https:\/\/zonaroja.com.mx\/index.php?rest_route=\/wp\/v2\/posts\/72682\/revisions\/72683"}],"wp:featuredmedia":[{"embeddable":true,"href":"https:\/\/zonaroja.com.mx\/index.php?rest_route=\/wp\/v2\/media\/68512"}],"wp:attachment":[{"href":"https:\/\/zonaroja.com.mx\/index.php?rest_route=%2Fwp%2Fv2%2Fmedia&parent=72682"}],"wp:term":[{"taxonomy":"category","embeddable":true,"href":"https:\/\/zonaroja.com.mx\/index.php?rest_route=%2Fwp%2Fv2%2Fcategories&post=72682"},{"taxonomy":"post_tag","embeddable":true,"href":"https:\/\/zonaroja.com.mx\/index.php?rest_route=%2Fwp%2Fv2%2Ftags&post=72682"}],"curies":[{"name":"wp","href":"https:\/\/api.w.org\/{rel}","templated":true}]}}