{"id":72692,"date":"2024-09-22T19:21:28","date_gmt":"2024-09-23T01:21:28","guid":{"rendered":"https:\/\/zonaroja.com.mx\/?p=72692"},"modified":"2024-09-22T19:21:29","modified_gmt":"2024-09-23T01:21:29","slug":"concluye-en-oaxaca-diplomado-catedra-itinerante-de-mujeres-afromexicanas","status":"publish","type":"post","link":"https:\/\/zonaroja.com.mx\/?p=72692","title":{"rendered":"Concluye en Oaxaca diplomado C\u00e1tedra Itinerante de Mujeres Afromexicanas"},"content":{"rendered":"\n<p>Redaccion\/Zona Roja.<\/p>\n\n\n\n<p>Oaxaca de Ju\u00e1rez, Oax.,a 22 de septiembre de 2024.- Este fin de semana concluy\u00f3 en Oaxaca la III Generaci\u00f3n&nbsp;del Diplomado Internacional de la C\u00e1tedra Itinerante de Mujeres&nbsp;Afromexicanas&nbsp;y Afrodescendientes, con el cierre del Diplomado&nbsp;\u201cLa Participaci\u00f3n e Incidencia Comunitaria de Mujeres&nbsp;Afromexicanas&nbsp;y Afrodescendientes\u201d.<\/p>\n\n\n\n<p>El acto se efectuo en la sede de la Facultad de Bellas Artes de la Universidad Aut\u00f3noma \u201cBenito Ju\u00e1rez\u201d de Oaxaca, con la presencia del secretario Acad\u00e9mico, Carlos Arturo Garc\u00eda Luna.<\/p>\n\n\n\n<p>La C\u00e1tedra fue fundada en el a\u00f1o\u00a02016 por\u00a0la\u00a0activista\u00a0afromexicana\u00a0Rosa Mar\u00eda Castro Salinas, actual diputada federal, quien estuvo acompa\u00f1ada de la dirigente\u00a0social Yolanda Camacho Calleja, y cont\u00f3 con\u00a0las aportaciones acad\u00e9micas de Sandra Luz Villalobos, Arcelia Garc\u00eda Santiago entre otros muchos otros.\u00a0<\/p>\n\n\n\n<p>Esta C\u00e1tedra&nbsp;busca&nbsp;el empoderamiento de las mujeres&nbsp;afromexicanas&nbsp;y su vinculaci\u00f3n con los liderazgos de mujeres afrodescendientes de am\u00e9rica latina y el caribe.&nbsp;<\/p>\n\n\n\n<p>Los objetivos alcanzados hasta el&nbsp;momento son&nbsp;lograr coadyuvar en la formaci\u00f3n de mujeres&nbsp;lideresas&nbsp;en las comunidades&nbsp;afromexicanas&nbsp;y afrodescendientes&nbsp;a trav\u00e9s de la formaci\u00f3n de mujeres desde la perspectiva de g\u00e9nero, con una visi\u00f3n antirracista, no discriminatoria, inclusiva, de&nbsp;derechos humanos, igualdad,&nbsp;fortalecimiento y deconstrucci\u00f3n&nbsp;de&nbsp;narrativas racistas y clasistas.&nbsp;<\/p>\n\n\n\n<p>As\u00ed&nbsp;como brindar herramientas que les permitan el impulso de procesos productivos y econ\u00f3micos desde&nbsp;el \u00e1mbito local, utilizando los recursos que tengan a su alcance.<\/p>\n\n\n\n<p>A lo largo de sus nueve a\u00f1os de operaci\u00f3n, la C\u00e1tedra ha contado con la participaci\u00f3n de distinguidas&nbsp;catedr\u00e1ticas&nbsp;lideresas de Am\u00e9rica Latina y el Caribe como la ex&nbsp;vicepresidenta de Costa Rica,&nbsp;EpsyCampbell&nbsp;Barr;&nbsp;la poeta&nbsp;y escritora&nbsp;Shirley Campbell.<\/p>\n\n\n\n<p>As\u00ed&nbsp;como de&nbsp;distinguidas acad\u00e9micas como la doctora Mar\u00eda Elisa Vel\u00e1zquez y Gabriela Iturralde, del INAH, adem\u00e1s de Lina Berrio del CIESAS.<\/p>\n\n\n\n<p>En esta III Generaci\u00f3n&nbsp;se diplomaron 32 participantes provenientes de los estados de Oaxaca, Guerrero, Veracruz, Yucat\u00e1n, Baja California Sur, Ciudad de M\u00e9xico y Morelos.<\/p>\n\n\n\n<p>Adem\u00e1s de participantes&nbsp;de los pa\u00edses de Colombia, Bolivia, Nicaragua, Rep\u00fablica Dominicana, Cuba, Guatemala&nbsp;y Honduras.<\/p>\n\n\n\n<p>As\u00ed&nbsp;mismo se cont\u00f3 con las ponencias de las investigadoras, doctora Vicenta&nbsp;Rodr\u00edgez, decana de la Universidad de Castilla de la Mancha, de Talavera de la Reina, Espa\u00f1a;&nbsp;Gerogina&nbsp;Dehidiuo, el joven cineasta&nbsp;afromexicano&nbsp;Andr\u00e9 Lou, entre otros<\/p>\n","protected":false},"excerpt":{"rendered":"<p>Redaccion\/Zona Roja. Oaxaca de Ju\u00e1rez, Oax.,a 22 de septiembre de 2024.- Este fin de semana&hellip;<\/p>\n","protected":false},"author":2,"featured_media":72693,"comment_status":"closed","ping_status":"open","sticky":false,"template":"","format":"standard","meta":{"_lmt_disableupdate":"","_lmt_disable":"","_jetpack_memberships_contains_paid_content":false,"footnotes":""},"categories":[109,46],"tags":[2600],"class_list":["post-72692","post","type-post","status-publish","format-standard","has-post-thumbnail","hentry","category-minuto-a-minuto","category-zona-blanca","tag-rosa-maria-castro-salinas"],"jetpack_featured_media_url":"https:\/\/zonaroja.com.mx\/wp-content\/uploads\/2024\/09\/Catedra-Rosa-Maria-Castro.jpg","jetpack_sharing_enabled":true,"_links":{"self":[{"href":"https:\/\/zonaroja.com.mx\/index.php?rest_route=\/wp\/v2\/posts\/72692","targetHints":{"allow":["GET"]}}],"collection":[{"href":"https:\/\/zonaroja.com.mx\/index.php?rest_route=\/wp\/v2\/posts"}],"about":[{"href":"https:\/\/zonaroja.com.mx\/index.php?rest_route=\/wp\/v2\/types\/post"}],"author":[{"embeddable":true,"href":"https:\/\/zonaroja.com.mx\/index.php?rest_route=\/wp\/v2\/users\/2"}],"replies":[{"embeddable":true,"href":"https:\/\/zonaroja.com.mx\/index.php?rest_route=%2Fwp%2Fv2%2Fcomments&post=72692"}],"version-history":[{"count":1,"href":"https:\/\/zonaroja.com.mx\/index.php?rest_route=\/wp\/v2\/posts\/72692\/revisions"}],"predecessor-version":[{"id":72694,"href":"https:\/\/zonaroja.com.mx\/index.php?rest_route=\/wp\/v2\/posts\/72692\/revisions\/72694"}],"wp:featuredmedia":[{"embeddable":true,"href":"https:\/\/zonaroja.com.mx\/index.php?rest_route=\/wp\/v2\/media\/72693"}],"wp:attachment":[{"href":"https:\/\/zonaroja.com.mx\/index.php?rest_route=%2Fwp%2Fv2%2Fmedia&parent=72692"}],"wp:term":[{"taxonomy":"category","embeddable":true,"href":"https:\/\/zonaroja.com.mx\/index.php?rest_route=%2Fwp%2Fv2%2Fcategories&post=72692"},{"taxonomy":"post_tag","embeddable":true,"href":"https:\/\/zonaroja.com.mx\/index.php?rest_route=%2Fwp%2Fv2%2Ftags&post=72692"}],"curies":[{"name":"wp","href":"https:\/\/api.w.org\/{rel}","templated":true}]}}