{"id":72696,"date":"2024-09-23T07:08:18","date_gmt":"2024-09-23T13:08:18","guid":{"rendered":"https:\/\/zonaroja.com.mx\/?p=72696"},"modified":"2024-09-23T07:08:19","modified_gmt":"2024-09-23T13:08:19","slug":"diputado-sergio-lopez-sanchez-reconoce-obra-de-amlo-a-favor-de-oaxaquenos","status":"publish","type":"post","link":"https:\/\/zonaroja.com.mx\/?p=72696","title":{"rendered":"Diputado Sergio L\u00f3pez S\u00e1nchez reconoce obra de AMLO a favor de oaxaque\u00f1os"},"content":{"rendered":"\n<p>Redacci\u00f3n\/Zona Roja.<\/p>\n\n\n\n<p>Oaxaca de Ju\u00e1rez, Oax., a 23 de septiembre de 2024.- En el marco de la gira presidencial por Oaxaca, el presidente de la Junta de Coordinaci\u00f3n Pol\u00edtica del Congreso de Oaxaca, Sergio L\u00f3pez S\u00e1nchez, reiter\u00f3 su reconocimiento al mandatario Andr\u00e9s Manuel L\u00f3pez Obrador, por su trabajo impulsado a favor del estado.<\/p>\n\n\n\n<p>Al acudir al acto oficial efectuado en Guelatao de Ju\u00e1rez, el legislador sostuvo que fue desde el inicio de la Cuarta Transformaci\u00f3n que se prioriz\u00f3 el desarrollo de las comunidades ind\u00edgenas y de su patrimonio, por lo que durante el sexenio de L\u00f3pez Obrador, se construyeron 204 caminos artesanales en Oaxaca.<\/p>\n\n\n\n<p>Este s\u00e1bado, el presidente L\u00f3pez Obrador, acompa\u00f1ado de la mandataria electa, Claudia Sheinbaum Pardo, y del gobernador de Oaxaca, Salom\u00f3n Jara Cruz, inauguraron el camino artesanal Benito Ju\u00e1rez, el cual conecta al municipio de Guelatao de Ju\u00e1rez con el de Tlalixtac de Cabrera, en una longitud de 43 kil\u00f3metros.&nbsp;<\/p>\n\n\n\n<p>Estos caminos artesanales son un acto de justicia social para los pueblos ind\u00edgenas, destac\u00f3 el legislador.<\/p>\n\n\n\n<p>\u00abLos caminos artesanales son un gran legado que nos deja nuestro presidente y nos muestra que el pueblo unido y organizado, puede construir su propio camino\u00bb, resalt\u00f3.<\/p>\n\n\n\n<p>El diputado tambi\u00e9n celebr\u00f3 que a partir del 1 de octubre de este a\u00f1o, ser\u00e1 una mujer, la presidenta electa Claudia Sheinbaum Pardo, quien dar\u00e1 continuidad a la Cuarta Transformaci\u00f3n en M\u00e9xico, lo que seguir\u00e1 reflej\u00e1ndose en Oaxaca con los diversos proyectos federales.<\/p>\n","protected":false},"excerpt":{"rendered":"<p>Redacci\u00f3n\/Zona Roja. Oaxaca de Ju\u00e1rez, Oax., a 23 de septiembre de 2024.- En el marco&hellip;<\/p>\n","protected":false},"author":2,"featured_media":72697,"comment_status":"closed","ping_status":"open","sticky":false,"template":"","format":"standard","meta":{"_lmt_disableupdate":"","_lmt_disable":"","_jetpack_memberships_contains_paid_content":false,"footnotes":""},"categories":[109,46],"tags":[3803],"class_list":["post-72696","post","type-post","status-publish","format-standard","has-post-thumbnail","hentry","category-minuto-a-minuto","category-zona-blanca","tag-sergio-lopez-sanchez"],"jetpack_featured_media_url":"https:\/\/zonaroja.com.mx\/wp-content\/uploads\/2024\/09\/Sergio-Lopez-Guelatao-Obrador.jpg","jetpack_sharing_enabled":true,"_links":{"self":[{"href":"https:\/\/zonaroja.com.mx\/index.php?rest_route=\/wp\/v2\/posts\/72696","targetHints":{"allow":["GET"]}}],"collection":[{"href":"https:\/\/zonaroja.com.mx\/index.php?rest_route=\/wp\/v2\/posts"}],"about":[{"href":"https:\/\/zonaroja.com.mx\/index.php?rest_route=\/wp\/v2\/types\/post"}],"author":[{"embeddable":true,"href":"https:\/\/zonaroja.com.mx\/index.php?rest_route=\/wp\/v2\/users\/2"}],"replies":[{"embeddable":true,"href":"https:\/\/zonaroja.com.mx\/index.php?rest_route=%2Fwp%2Fv2%2Fcomments&post=72696"}],"version-history":[{"count":1,"href":"https:\/\/zonaroja.com.mx\/index.php?rest_route=\/wp\/v2\/posts\/72696\/revisions"}],"predecessor-version":[{"id":72698,"href":"https:\/\/zonaroja.com.mx\/index.php?rest_route=\/wp\/v2\/posts\/72696\/revisions\/72698"}],"wp:featuredmedia":[{"embeddable":true,"href":"https:\/\/zonaroja.com.mx\/index.php?rest_route=\/wp\/v2\/media\/72697"}],"wp:attachment":[{"href":"https:\/\/zonaroja.com.mx\/index.php?rest_route=%2Fwp%2Fv2%2Fmedia&parent=72696"}],"wp:term":[{"taxonomy":"category","embeddable":true,"href":"https:\/\/zonaroja.com.mx\/index.php?rest_route=%2Fwp%2Fv2%2Fcategories&post=72696"},{"taxonomy":"post_tag","embeddable":true,"href":"https:\/\/zonaroja.com.mx\/index.php?rest_route=%2Fwp%2Fv2%2Ftags&post=72696"}],"curies":[{"name":"wp","href":"https:\/\/api.w.org\/{rel}","templated":true}]}}