{"id":72699,"date":"2024-09-23T08:30:00","date_gmt":"2024-09-23T14:30:00","guid":{"rendered":"https:\/\/zonaroja.com.mx\/?p=72699"},"modified":"2024-09-23T07:27:01","modified_gmt":"2024-09-23T13:27:01","slug":"hijo-de-lopez-obrador-la-sombra-de-la-nueva-dirigente-de-morena","status":"publish","type":"post","link":"https:\/\/zonaroja.com.mx\/?p=72699","title":{"rendered":"Hijo de L\u00f3pez Obrador, la sombra de la nueva dirigente de Morena"},"content":{"rendered":"\n<p>Redacci\u00f3n\/Zona Roja Cdmx.<\/p>\n\n\n\n<p>Ciudad de M\u00e9xico, a 23 de septiembre de 2024.- En medio de la renovaci\u00f3n de la dirigencia del gobernante Movimiento Regeneraci\u00f3n Nacional (Morena), Andr\u00e9s Manuel L\u00f3pez Beltr\u00e1n, el segundo hijo del presidente Andr\u00e9s Manuel L\u00f3pez Obrador, fue elegido como secretario de Organizaci\u00f3n del partido y se comprometi\u00f3 a mantener el legado de su padre.<\/p>\n\n\n\n<p>Luego de aceptar su postulaci\u00f3n en el VII Congreso Nacional de Morena, por el exlegislador H\u00e9ctor Vasconcelos, Andr\u00e9s L\u00f3pez Beltr\u00e1n lament\u00f3 iniciar su carrera pol\u00edtica, al mismo tiempo que su padre se despidiera de la vida p\u00fablica-pol\u00edtica.<\/p>\n\n\n\n<p>\u201cPara m\u00ed, son momentos de dif\u00edcil interpretaci\u00f3n, porque me da mucho gusto iniciar mi carrera aqu\u00ed donde siempre estuve, pero me da una enorme tristeza hacerlo al tiempo que se retira nuestro m\u00e1ximo dirigente\u201d, se\u00f1al\u00f3 frente a los 3.000 congresistas que se dieron cita en el magno evento realizado en Ciudad de M\u00e9xico.<\/p>\n\n\n\n<p>Adem\u00e1s, afirm\u00f3 que el presidente saliente L\u00f3pez Obrador seguir\u00e1 siempre presente en el partido que fund\u00f3 como una organizaci\u00f3n civil en 2012 y obtuvo su registro como partido hace poco m\u00e1s de 10 a\u00f1os, por lo que se comprometi\u00f3 a mantener su legado.<\/p>\n\n\n\n<p>\u00abTodos sabemos que seguir\u00e1 presente en este partido con su ejemplo, con su legado. Nuestro trabajo al frente de esta secretar\u00eda ser\u00e1 mantener ese legado\u00bb, sostuvo.<\/p>\n\n\n\n<p>Por su parte, el segundo hijo de L\u00f3pez Obrador insisti\u00f3 en que su padre se retira de la pol\u00edtica, porque admite que ya hay un relevo generacional en la pr\u00f3xima presidenta Sheinbaum y quien se convertir\u00e1 en la primera mandataria en la historia mexicana.<\/p>\n\n\n\n<p>\u201cSe va al retiro, dijo que se iba a retirar cuando hubiera un relevo generacional. Y quiero que todos entendamos de que cuando se habla de relevo, se habla de nuestra presidenta electa, la compa\u00f1era Claudia Sheinbaum\u201d, enfatiz\u00f3.<\/p>\n\n\n\n<p>L\u00f3pez Beltr\u00e1n se sumar\u00e1 al equipo de la pr\u00f3xima dirigente nacional de Morena, Luisa Mar\u00eda Alcalde, el pr\u00f3ximo 1 de octubre, como secretario de Organizaci\u00f3n del partido, aunque se lleg\u00f3 a pensar que encabezar\u00eda la secretar\u00eda general.<\/p>\n\n\n\n<p>En este encargo al interior de la organizaci\u00f3n estar\u00e1 a cargo de encabezar todas las acciones enfocadas a su conformaci\u00f3n y funcionamiento, por lo que estar\u00e1 a cargo de las estructuras partidistas, su organizaci\u00f3n y crecimiento, hasta la selecci\u00f3n de candidaturas para futuras elecciones, entre otras responsabilidades.<\/p>\n\n\n\n<p>Con L\u00f3pez Beltr\u00e1n se eligieron a Camila Mart\u00ednez, como secretaria de comunicaci\u00f3n, a Aar\u00f3n Enr\u00edquez, como secretario de J\u00f3venes; Manuel Alejandro Robles, como secretario de Mexicanos en el Exterior y Manuel Zavala, como secretario de Movimientos Sociales.<\/p>\n\n\n\n<p>La futura dirigente de Morena, Alcalde, se comprometi\u00f3 a enfrentar los riesgos del vertiginoso crecimiento del partido en el poder e implementar una estrategia de siete puntos para consolidar a Morena como el mejor partido del mundo.<\/p>\n\n\n\n<p>En tanto, el presidente L\u00f3pez Obrador pidi\u00f3 a su partido apoyar, como a \u00e9l, a su sucesora Claudia Sheinbaum en la dif\u00edcil tarea de gobernar, al tiempo que les anunci\u00f3 su retiro de la vida p\u00fablica y pol\u00edtica en el pa\u00eds.<\/p>\n\n\n\n<p>(Informaci\u00f3n de la agencia EFE en \u201cLa conexi\u00f3n USA\u201d)<\/p>\n","protected":false},"excerpt":{"rendered":"<p>Redacci\u00f3n\/Zona Roja Cdmx. Ciudad de M\u00e9xico, a 23 de septiembre de 2024.- En medio de&hellip;<\/p>\n","protected":false},"author":2,"featured_media":72700,"comment_status":"closed","ping_status":"open","sticky":false,"template":"","format":"standard","meta":{"_lmt_disableupdate":"","_lmt_disable":"","_jetpack_memberships_contains_paid_content":false,"footnotes":""},"categories":[109,47],"tags":[3532],"class_list":["post-72699","post","type-post","status-publish","format-standard","has-post-thumbnail","hentry","category-minuto-a-minuto","category-zona-gris","tag-andres-manuel-lopez-beltran"],"jetpack_featured_media_url":"https:\/\/zonaroja.com.mx\/wp-content\/uploads\/2024\/09\/Luisa-Alcalde-Andres-Lopez-Beltran-Morena.jpg","jetpack_sharing_enabled":true,"_links":{"self":[{"href":"https:\/\/zonaroja.com.mx\/index.php?rest_route=\/wp\/v2\/posts\/72699","targetHints":{"allow":["GET"]}}],"collection":[{"href":"https:\/\/zonaroja.com.mx\/index.php?rest_route=\/wp\/v2\/posts"}],"about":[{"href":"https:\/\/zonaroja.com.mx\/index.php?rest_route=\/wp\/v2\/types\/post"}],"author":[{"embeddable":true,"href":"https:\/\/zonaroja.com.mx\/index.php?rest_route=\/wp\/v2\/users\/2"}],"replies":[{"embeddable":true,"href":"https:\/\/zonaroja.com.mx\/index.php?rest_route=%2Fwp%2Fv2%2Fcomments&post=72699"}],"version-history":[{"count":1,"href":"https:\/\/zonaroja.com.mx\/index.php?rest_route=\/wp\/v2\/posts\/72699\/revisions"}],"predecessor-version":[{"id":72701,"href":"https:\/\/zonaroja.com.mx\/index.php?rest_route=\/wp\/v2\/posts\/72699\/revisions\/72701"}],"wp:featuredmedia":[{"embeddable":true,"href":"https:\/\/zonaroja.com.mx\/index.php?rest_route=\/wp\/v2\/media\/72700"}],"wp:attachment":[{"href":"https:\/\/zonaroja.com.mx\/index.php?rest_route=%2Fwp%2Fv2%2Fmedia&parent=72699"}],"wp:term":[{"taxonomy":"category","embeddable":true,"href":"https:\/\/zonaroja.com.mx\/index.php?rest_route=%2Fwp%2Fv2%2Fcategories&post=72699"},{"taxonomy":"post_tag","embeddable":true,"href":"https:\/\/zonaroja.com.mx\/index.php?rest_route=%2Fwp%2Fv2%2Ftags&post=72699"}],"curies":[{"name":"wp","href":"https:\/\/api.w.org\/{rel}","templated":true}]}}