{"id":72702,"date":"2024-09-23T09:15:00","date_gmt":"2024-09-23T15:15:00","guid":{"rendered":"https:\/\/zonaroja.com.mx\/?p=72702"},"modified":"2024-09-23T07:52:56","modified_gmt":"2024-09-23T13:52:56","slug":"en-domingo-asesinan-a-individuo-en-tehuantepec-salina-cruz-y-colotepec","status":"publish","type":"post","link":"https:\/\/zonaroja.com.mx\/?p=72702","title":{"rendered":"En domingo, asesinan a individuo en Tehuantepec, Salina Cruz y Colotepec"},"content":{"rendered":"\n<p>Raymundo Morales\/Zona Roja.<\/p>\n\n\n\n<p>Oaxaca de Ju\u00e1rez, Oax., a 23 de septiembre de 2024.- Tres individuos asesinados y una mujer lesionada de bala, es el saldo de los ataques armados registrados este domingo, en las regiones Istmo y Costa del estado.<\/p>\n\n\n\n<p>El m\u00e1s reciente hecho ocurri\u00f3 anoche cerca de las 23:00 horas, en la colonia San Pablo Sur del municipio de Salina Cruz, donde acribillaron a un individuo, cuando transitaba en la calle El Roble.<\/p>\n\n\n\n<p>La v\u00edctima a\u00fan no ha sido identificada y en estos hechos otra persona del sexo masculino result\u00f3 lesionada, por lo que fue trasladada a un hospital de esa ciudad y puerto.<\/p>\n\n\n\n<p>Poco antes pero en el municipio de Santo Domingo Tehuantepec, una mujer fue atacada a balazos, presuntamente al resistirse a un asalto, por lo que fue trasladada a un nosocomio.<\/p>\n\n\n\n<p>Mientras tanto, en Santa Mar\u00eda Colotepec, municipio de la regi\u00f3n Costa del estado, un hombre fue asesinado con arma blanca y el cuerpo fue localizado ayer en un camino local hacia la comunidad de Charco Seco.<\/p>\n\n\n\n<p>De manera preliminar, la v\u00edctima fue identificada horas m\u00e1s tarde como Jared Benjam\u00edn \u201cN\u201d, de apropiadamente 25 a\u00f1os de edad, quien tuvo su domicilio en la colonia L\u00e1zaro C\u00e1rdenas.<\/p>\n\n\n\n<p>Mientras tanto, como se inform\u00f3, ayer por la ma\u00f1ana fue ultimado a balazo un individuo, en el municipio de Santo Domingo Tehuantepec.<\/p>\n\n\n\n<p>El crimen se perpetr\u00f3 en el barrio de Santa Cruz Tagolaba y la v\u00edctima fue identificada como Eleazar R. E.<\/p>\n\n\n\n<p>En los tres casos, hasta el momento no hay personas detenidas y la Fiscal\u00eda General del Estado de Oaxaca indaga los hechos para dar con los responsables.<\/p>\n","protected":false},"excerpt":{"rendered":"<p>Raymundo Morales\/Zona Roja. Oaxaca de Ju\u00e1rez, Oax., a 23 de septiembre de 2024.- Tres individuos&hellip;<\/p>\n","protected":false},"author":2,"featured_media":72703,"comment_status":"closed","ping_status":"open","sticky":false,"template":"","format":"standard","meta":{"_lmt_disableupdate":"","_lmt_disable":"","_jetpack_memberships_contains_paid_content":false,"footnotes":""},"categories":[109,47,51],"tags":[168],"class_list":["post-72702","post","type-post","status-publish","format-standard","has-post-thumbnail","hentry","category-minuto-a-minuto","category-zona-gris","category-zona-roja","tag-salina-cruz"],"jetpack_featured_media_url":"https:\/\/zonaroja.com.mx\/wp-content\/uploads\/2024\/09\/Ejecutado-domingo-Salina-Cruz.jpg","jetpack_sharing_enabled":true,"_links":{"self":[{"href":"https:\/\/zonaroja.com.mx\/index.php?rest_route=\/wp\/v2\/posts\/72702","targetHints":{"allow":["GET"]}}],"collection":[{"href":"https:\/\/zonaroja.com.mx\/index.php?rest_route=\/wp\/v2\/posts"}],"about":[{"href":"https:\/\/zonaroja.com.mx\/index.php?rest_route=\/wp\/v2\/types\/post"}],"author":[{"embeddable":true,"href":"https:\/\/zonaroja.com.mx\/index.php?rest_route=\/wp\/v2\/users\/2"}],"replies":[{"embeddable":true,"href":"https:\/\/zonaroja.com.mx\/index.php?rest_route=%2Fwp%2Fv2%2Fcomments&post=72702"}],"version-history":[{"count":1,"href":"https:\/\/zonaroja.com.mx\/index.php?rest_route=\/wp\/v2\/posts\/72702\/revisions"}],"predecessor-version":[{"id":72704,"href":"https:\/\/zonaroja.com.mx\/index.php?rest_route=\/wp\/v2\/posts\/72702\/revisions\/72704"}],"wp:featuredmedia":[{"embeddable":true,"href":"https:\/\/zonaroja.com.mx\/index.php?rest_route=\/wp\/v2\/media\/72703"}],"wp:attachment":[{"href":"https:\/\/zonaroja.com.mx\/index.php?rest_route=%2Fwp%2Fv2%2Fmedia&parent=72702"}],"wp:term":[{"taxonomy":"category","embeddable":true,"href":"https:\/\/zonaroja.com.mx\/index.php?rest_route=%2Fwp%2Fv2%2Fcategories&post=72702"},{"taxonomy":"post_tag","embeddable":true,"href":"https:\/\/zonaroja.com.mx\/index.php?rest_route=%2Fwp%2Fv2%2Ftags&post=72702"}],"curies":[{"name":"wp","href":"https:\/\/api.w.org\/{rel}","templated":true}]}}