{"id":72705,"date":"2024-09-23T09:00:00","date_gmt":"2024-09-23T15:00:00","guid":{"rendered":"https:\/\/zonaroja.com.mx\/?p=72705"},"modified":"2024-09-23T08:28:43","modified_gmt":"2024-09-23T14:28:43","slug":"opinion-aceleran-crisis-en-el-ieepo-se-va-emilio-montero","status":"publish","type":"post","link":"https:\/\/zonaroja.com.mx\/?p=72705","title":{"rendered":"Opini\u00f3n. Aceleran crisis en el IEEPO\u2026 \u00bfse va Emilio Montero?"},"content":{"rendered":"\n<p>Ismael Garc\u00eda M.\/Zona Roja.<\/p>\n\n\n\n<p>Oaxaca, Oax., a 23 de septiembre de 2024.- O es una andanada institucional para quitar a Emilio Montero P\u00e9rez, o de plano el director del Instituto Estatal de Educaci\u00f3n P\u00fablica de Oaxaca simplemente no puede con el cargo.<\/p>\n\n\n\n<p>Porque en las \u00faltimas semanas, particularmente la anterior, las protestas de la Secci\u00f3n 22 del SNTE, por cualquier motivo, se han intensificado y el funcionario simplemente no aparece por ning\u00fan lado, m\u00e1s que en escuetos y comunicados de sorna.<\/p>\n\n\n\n<p>Tan simples las demandas, como la realizaci\u00f3n de un diplomado, que han derivado en acciones vand\u00e1licas que, a pesar de los discursos institucionales, quedar\u00e1n impunes, como ha ocurrido a lo largo de los a\u00f1os.<\/p>\n\n\n\n<p>Cualquier pretexto para desestabilizar el sector educativo, y para los ajustes de cuentas, es v\u00e1lido y este lunes mismo reanudan las movilizaciones, ahora con el nivel de Homologados, con demandas irrelevantes.&nbsp;<\/p>\n\n\n\n<p>Aunque es tambi\u00e9n parte de la lucha interna en el magisterio, indudablemente que esta crisis se inscribe en la lucha de poder, por la sucesi\u00f3n gubernamental y que desde ahora se comienza a reflejar en la pugna interna entre los mismos morenistas y funcionarios estatales.<\/p>\n\n\n\n<p>CRISIS AL ALZA<\/p>\n\n\n\n<p>El plan septembrino para desestabilizar al IEEPO \u2014y acelerar la salida del juchiteco Emilio Montero\u2014 arranc\u00f3 el 4 de este mes, con una marcha de cientos de afiliados a la Secci\u00f3n 22, de la zona oriente al Centro de Convenciones de Oaxaca.<\/p>\n\n\n\n<p>Ello supuestamente para dar cobertura a una mesa de trabajo tripartita, para revisar los temas pendientes de soluci\u00f3n; los manifestantes se quedaron todo el d\u00eda bloqueando la avenida L\u00e1zaro C\u00e1rdenas.<\/p>\n\n\n\n<p>En ese contexto, el 11 de septiembre la dirigencia magisterial acudi\u00f3 a la Ciudad de M\u00e9xico, para reunirse por \u00faltima vez con el Presidente Andr\u00e9s Manuel L\u00f3pez Obrador y por primera vez con la mandataria electa Claudia Sheinbaum.<\/p>\n\n\n\n<p>No hubo resoluciones extraordinarias y quiz\u00e1 esta podr\u00eda ser otra de las razones por las cuales comenz\u00f3 la andanada, aunque disfrazada de sectores, para que el comit\u00e9 que encabeza Yenny Aracely P\u00e9rez, no se exhibiera de manera directa en las movilizaciones.<\/p>\n\n\n\n<p>La jornada violenta arreci\u00f3 en Oaxaca a partir del 12 de septiembre con la movilizaci\u00f3n de docentes del nivel de Educaci\u00f3n F\u00edsica que, pretextando tambi\u00e9n cualquier pendiente, iniciaron con bloqueos a vialidades.<\/p>\n\n\n\n<p>Pero la situaci\u00f3n cr\u00edtica ocurri\u00f3 en el exterior del Palacio de Gobierno, donde los docentes utilizaron a estudiantes normalistas para retener a funcionarios y trabajadores, as\u00ed como diputados visitantes.<\/p>\n\n\n\n<p>M\u00e1s a\u00fan, un grupo de ellos impidi\u00f3 con violencia la salida del legislador priista Freddy Gil Pineda, lo que estuvo a punto de derivar en una situaci\u00f3n m\u00e1s complicada.<\/p>\n\n\n\n<p>El 13 de septiembre, una representaci\u00f3n del magisterio, acudi\u00f3 a las movilizaciones de los trabajadores del hospital \u201cDr. Aurelio Valdivieso\u201d, para respaldar sus demandas de equipamiento al nosocomio capitalino.<\/p>\n\n\n\n<p>De nueva cuenta la jornada arreci\u00f3 la semana pasada y el martes 17 de septiembre, apenas pasadas las fiestas patrias, le toc\u00f3 al sector Secundarias Generales.<\/p>\n\n\n\n<p>Adem\u00e1s de cerrar vialidades en la ciudad de Oaxaca, bloquearon carreteras en las regiones Istmo, Cuenca y Costa; las demandas: pago de horas-clase ya trabajadas\u2026 desde hace varios a\u00f1os.<\/p>\n\n\n\n<p>En esta ocasi\u00f3n, la \u00fanica respuesta del IEEPO que a\u00fan dirige Emilio Montero fue que es responsabilidad federal, que se estaba trabajando para cumplir y que hab\u00eda fraudes de diversos mentores en la exigencia.<\/p>\n\n\n\n<p>A partir del mi\u00e9rcoles 18, le toco al turno a estudiantes de la Escuela Normal de Educaci\u00f3n Especial, con demanda tan simple: el cumplimiento de la realizaci\u00f3n de un diplomado; de nueva cuenta, el Instituto Estatal de Educaci\u00f3n se limit\u00f3 a justificar que estaba en proceso la ejecuci\u00f3n.&nbsp;<\/p>\n\n\n\n<p>Pero eso no bast\u00f3 para que el jueves arreciaran los bloqueos y protestas en la capital, con \u201ctoma\u201d de camiones de pasajeros y saqueo de mercanc\u00edas a unidades de reparto; en este caso la jornada fue todo el d\u00eda.<\/p>\n\n\n\n<p>Y cuando ya se retiraban, despu\u00e9s de las ocho de la noche, la Polic\u00eda Estatal ya los esperaba en inmediaciones del Centro Regional de Educaci\u00f3n Normal para recuperar con el uso de gas lacrim\u00f3geno los camiones urbanos.<\/p>\n\n\n\n<p>En videos difundidos, se aprecia la forma en que algunos polic\u00edas jalonean y patean a unos estudiantes.<\/p>\n\n\n\n<p>Y esa fue la gota que derram\u00f3 el vaso, pues esa misma noche organizaciones sociales y una parte de la dirigencia de la Secci\u00f3n 22 \u2014sin Yenny Aracely P\u00e9rez\u2014 se sum\u00f3 a las protestas de exigencia de justicia.<\/p>\n\n\n\n<p>Y de nuevo el IEEPO sali\u00f3 a decir en un comunicado que los padres de familia deber\u00edan cuidar a sus hijos e identificar a ver si no aparec\u00edan entre los v\u00e1ndalos.<\/p>\n\n\n\n<p>El viernes fue un d\u00eda de receso \u2014salvo la protesta en Ciudad Ixtepec por parte de alumnos de la UPN\u2014 pero de nuevo el s\u00e1bado pasado \u2014justo en los momentos de la visita del Presidente L\u00f3pez Obrador a Oaxaca\u2014, los normalistas encapuchados, con el pretexto de una marcha de repudio a la \u201crepresi\u00f3n\u201d, efectuaron m\u00faltiples destrozos a comercios y bancos.<\/p>\n\n\n\n<p>La Secretar\u00eda de Gobierno dijo que no habr\u00eda impunidad en esos hechos; el IEEPO dijo que dar\u00eda de baja a los estudiantes que participaron; la Fiscal\u00eda General del Estado dijo que inici\u00f3 una investigaci\u00f3n. Pero nada m\u00e1s.<\/p>\n\n\n\n<p>Hoy lunes, otra marcha, ahora del nivel de Homologados, por parte de la Secci\u00f3n 22, cuyas demandas no se conocen a\u00fan.<\/p>\n\n\n\n<p>\u00bfQU\u00c9 SIGUE?<\/p>\n\n\n\n<p>Llama la atenci\u00f3n que, a pesar de los nulos avances en la reuni\u00f3n de hace dos semanas en la Ciudad de M\u00e9xico, hasta ahora la dirigencia de la Secci\u00f3n 22 con Yenny Aracely P\u00e9rez, ni se ha deslindado de los actos violentos ni ha aparecido p\u00fablicamente para respaldar las movilizaciones.<\/p>\n\n\n\n<p>Pero en los hechos hay muchas coincidencias para confirmar que la agitaci\u00f3n en el magisterio y en el IEEPO no es gratuito.&nbsp;<\/p>\n\n\n\n<p>Es sabido que Emilio Montero P\u00e9rez, ex presidente de Juchit\u00e1n, ha sido renuente para aceptar funcionarios que no sean de su grupo pol\u00edtico-social, as\u00ed no tengan la menor preparaci\u00f3n acad\u00e9mica.<\/p>\n\n\n\n<p>Esta es la parte que no ha gustado desde el Palacio de Gobierno, pues justamente funcionarios inexpertos han dado al traste con la educaci\u00f3n y las negociaciones con el magisterio. Se suma a ello el manejo irregular y totalmente opaco de los miles de millones de pesos del IEEPO.<\/p>\n\n\n\n<p>No son gratuitas las cr\u00edticas y se\u00f1alamientos que se hacen a algunos funcionarios estatales\u2026 desde una oficina del Palacio de Gobierno, pues se inscriben ya en la lucha que se prev\u00e9 descarnada para la pr\u00f3xima sucesi\u00f3n.&nbsp;<\/p>\n\n\n\n<p>Y Emilio Montero P\u00e9rez puede ser el primer saldo de esta soterrada andanada para reposiciones pol\u00edticas.<\/p>\n","protected":false},"excerpt":{"rendered":"<p>Ismael Garc\u00eda M.\/Zona Roja. Oaxaca, Oax., a 23 de septiembre de 2024.- O es una&hellip;<\/p>\n","protected":false},"author":2,"featured_media":67764,"comment_status":"closed","ping_status":"open","sticky":false,"template":"","format":"standard","meta":{"_lmt_disableupdate":"","_lmt_disable":"","_jetpack_memberships_contains_paid_content":false,"footnotes":""},"categories":[456,109,48],"tags":[1353],"class_list":["post-72705","post","type-post","status-publish","format-standard","has-post-thumbnail","hentry","category-columna","category-minuto-a-minuto","category-zona-critica","tag-opinion-zona-critica"],"jetpack_featured_media_url":"https:\/\/zonaroja.com.mx\/wp-content\/uploads\/2024\/04\/Opinion-Zona-Roja-Ismael-Garcia.jpg","jetpack_sharing_enabled":true,"_links":{"self":[{"href":"https:\/\/zonaroja.com.mx\/index.php?rest_route=\/wp\/v2\/posts\/72705","targetHints":{"allow":["GET"]}}],"collection":[{"href":"https:\/\/zonaroja.com.mx\/index.php?rest_route=\/wp\/v2\/posts"}],"about":[{"href":"https:\/\/zonaroja.com.mx\/index.php?rest_route=\/wp\/v2\/types\/post"}],"author":[{"embeddable":true,"href":"https:\/\/zonaroja.com.mx\/index.php?rest_route=\/wp\/v2\/users\/2"}],"replies":[{"embeddable":true,"href":"https:\/\/zonaroja.com.mx\/index.php?rest_route=%2Fwp%2Fv2%2Fcomments&post=72705"}],"version-history":[{"count":1,"href":"https:\/\/zonaroja.com.mx\/index.php?rest_route=\/wp\/v2\/posts\/72705\/revisions"}],"predecessor-version":[{"id":72706,"href":"https:\/\/zonaroja.com.mx\/index.php?rest_route=\/wp\/v2\/posts\/72705\/revisions\/72706"}],"wp:featuredmedia":[{"embeddable":true,"href":"https:\/\/zonaroja.com.mx\/index.php?rest_route=\/wp\/v2\/media\/67764"}],"wp:attachment":[{"href":"https:\/\/zonaroja.com.mx\/index.php?rest_route=%2Fwp%2Fv2%2Fmedia&parent=72705"}],"wp:term":[{"taxonomy":"category","embeddable":true,"href":"https:\/\/zonaroja.com.mx\/index.php?rest_route=%2Fwp%2Fv2%2Fcategories&post=72705"},{"taxonomy":"post_tag","embeddable":true,"href":"https:\/\/zonaroja.com.mx\/index.php?rest_route=%2Fwp%2Fv2%2Ftags&post=72705"}],"curies":[{"name":"wp","href":"https:\/\/api.w.org\/{rel}","templated":true}]}}