{"id":72707,"date":"2024-09-23T11:28:00","date_gmt":"2024-09-23T17:28:00","guid":{"rendered":"https:\/\/zonaroja.com.mx\/?p=72707"},"modified":"2024-09-23T09:26:11","modified_gmt":"2024-09-23T15:26:11","slug":"vive-el-pais-domingo-sangriento-en-guanajuato-zacatecas-chiapas","status":"publish","type":"post","link":"https:\/\/zonaroja.com.mx\/?p=72707","title":{"rendered":"Vive el pa\u00eds domingo sangriento, en Guanajuato, Zacatecas, Chiapas\u2026"},"content":{"rendered":"\n<p>Redacci\u00f3n\/Zona Roja Cdmx.<\/p>\n\n\n\n<p>Ciudad de M\u00e9xico, a 23 de septiembre de 2024.- El ex candidato del Partido Verde Ecologista de M\u00e9xico a alcalde de Apaseo el Alto, Fortino Rodr\u00edguez Guerrero; y el ex regidor en el Ayuntamiento de P\u00e9njamo, Ra\u00fal P\u00e9rez Tinajero, fueron asesinados.<\/p>\n\n\n\n<p>La tarde del s\u00e1bado, el cuerpo de Fortino fue encontrado en un camino de terracer\u00eda que condice a la comunidad de Marroqu\u00edn. Al parecer el pol\u00edtico hab\u00eda sido privado de la libertad.<\/p>\n\n\n\n<p>Personal del Servicio M\u00e9dico Forense (Semefo) encontr\u00f3 huellas de violencia y heridas de bala en la v\u00edctima.<\/p>\n\n\n\n<p>Fortino Rodr\u00edguez fungi\u00f3 como tesorero en dos administraciones del gobierno de Apaseo el Alto. Tambi\u00e9n trabaj\u00f3 como coordinador de campa\u00f1a de Jos\u00e9 Remedios Aguirre, candidato de Morena a la alcald\u00eda, asesinado en la elecci\u00f3n del 2018.<\/p>\n\n\n\n<p>Mientras tanto, el ex regidor, Ra\u00fal P\u00e9rez, fue asesinado cuando viajaba en una camioneta en la colonia Torres Cuatas de la ciudad de P\u00e9njamo.<\/p>\n\n\n\n<p>El crimen ocurri\u00f3 este domingo, cuando circulaba por el bulevar L\u00e1zaro C\u00e1rdenas. El pol\u00edtico era un empresario ganadero y due\u00f1o de carnicer\u00edas.<\/p>\n\n\n\n<p>EN ZACATECAS<\/p>\n\n\n\n<p>Zacatecas ha vivido un fin de semana violento, tras una serie de ejecuciones, as\u00ed como la desaparici\u00f3n de personas. Entre la noche del viernes y este domingo, al menos ocho personas han sido v\u00edctimas de homicidios dolosos: 3 en la zona conurbada de la capital del estado, dos en Loreto, dos en Villanueva y uno en Fresnillo.<\/p>\n\n\n\n<p>El primer hecho de violencia se produjo en la cabecera municipal de Loreto, donde presuntos integrantes de la delincuencia organizada, prendieron fuego a un autom\u00f3vil tipo sed\u00e1n, que dejaron abandonado a un costado del jard\u00edn principal y la Presidencia Municipal del sitio. Luego de que personal de Protecci\u00f3n Civil del ayuntamiento logr\u00f3 sofocar las llamas del veh\u00edculo, fueron localizados los cuerpos de dos mujeres, calcinadas.<\/p>\n\n\n\n<p>EN CHIAPAS<\/p>\n\n\n\n<p>Agentes de la Guardia Nacional se enfrentaron con integrantes del crimen organizado en el municipio de Villaflores, Chiapas, con saldo de cinco presuntos delincuentes muertos y dos uniformados heridos, informaron fuentes policiacas.<\/p>\n\n\n\n<p>Explicaron que los hechos ocurrieron alrededor de las 6 y media de la tarde del s\u00e1bado, cuando los agentes realizaban un \u201coperativo disuasivo\u201d sobre la carretera Suchiapa-Villaflores.<\/p>\n\n\n\n<p>A\u00f1adieron que a la altura de la colonia llamada Calzada Larga, los uniformados fueron agredidos por sujetos que portaban armas de alto calibre, por lo que repelieron el ataque.<\/p>\n\n\n\n<p>Se\u00f1alaron que ello provoc\u00f3 que los agresores se internaran en la citada colonia, donde sucedi\u00f3 el intercambio de balas durante m\u00e1s de una hora, con resultado de cinco presuntos maleantes muertos y un detenido, as\u00ed como dos miembros de la Guardia Nacional lesionados.<\/p>\n\n\n\n<p>(Informaci\u00f3n de \u201cLa Jornada\u201d)<\/p>\n","protected":false},"excerpt":{"rendered":"<p>Redacci\u00f3n\/Zona Roja Cdmx. Ciudad de M\u00e9xico, a 23 de septiembre de 2024.- El ex candidato&hellip;<\/p>\n","protected":false},"author":2,"featured_media":69467,"comment_status":"closed","ping_status":"open","sticky":false,"template":"","format":"standard","meta":{"_lmt_disableupdate":"","_lmt_disable":"","_jetpack_memberships_contains_paid_content":false,"footnotes":""},"categories":[109,51],"tags":[1746],"class_list":["post-72707","post","type-post","status-publish","format-standard","has-post-thumbnail","hentry","category-minuto-a-minuto","category-zona-roja","tag-violencia-en-mexico"],"jetpack_featured_media_url":"https:\/\/zonaroja.com.mx\/wp-content\/uploads\/2024\/06\/Asesinato-escena-crimen.jpeg","jetpack_sharing_enabled":true,"_links":{"self":[{"href":"https:\/\/zonaroja.com.mx\/index.php?rest_route=\/wp\/v2\/posts\/72707","targetHints":{"allow":["GET"]}}],"collection":[{"href":"https:\/\/zonaroja.com.mx\/index.php?rest_route=\/wp\/v2\/posts"}],"about":[{"href":"https:\/\/zonaroja.com.mx\/index.php?rest_route=\/wp\/v2\/types\/post"}],"author":[{"embeddable":true,"href":"https:\/\/zonaroja.com.mx\/index.php?rest_route=\/wp\/v2\/users\/2"}],"replies":[{"embeddable":true,"href":"https:\/\/zonaroja.com.mx\/index.php?rest_route=%2Fwp%2Fv2%2Fcomments&post=72707"}],"version-history":[{"count":1,"href":"https:\/\/zonaroja.com.mx\/index.php?rest_route=\/wp\/v2\/posts\/72707\/revisions"}],"predecessor-version":[{"id":72708,"href":"https:\/\/zonaroja.com.mx\/index.php?rest_route=\/wp\/v2\/posts\/72707\/revisions\/72708"}],"wp:featuredmedia":[{"embeddable":true,"href":"https:\/\/zonaroja.com.mx\/index.php?rest_route=\/wp\/v2\/media\/69467"}],"wp:attachment":[{"href":"https:\/\/zonaroja.com.mx\/index.php?rest_route=%2Fwp%2Fv2%2Fmedia&parent=72707"}],"wp:term":[{"taxonomy":"category","embeddable":true,"href":"https:\/\/zonaroja.com.mx\/index.php?rest_route=%2Fwp%2Fv2%2Fcategories&post=72707"},{"taxonomy":"post_tag","embeddable":true,"href":"https:\/\/zonaroja.com.mx\/index.php?rest_route=%2Fwp%2Fv2%2Ftags&post=72707"}],"curies":[{"name":"wp","href":"https:\/\/api.w.org\/{rel}","templated":true}]}}