{"id":72709,"date":"2024-09-23T13:27:00","date_gmt":"2024-09-23T19:27:00","guid":{"rendered":"https:\/\/zonaroja.com.mx\/?p=72709"},"modified":"2024-09-23T09:29:32","modified_gmt":"2024-09-23T15:29:32","slug":"escritora-oaxaquena-karina-sosa-entre-memoria-e-identidad","status":"publish","type":"post","link":"https:\/\/zonaroja.com.mx\/?p=72709","title":{"rendered":"Escritora oaxaque\u00f1a Karina Sosa, entre memoria e identidad"},"content":{"rendered":"\n<p>Redacci\u00f3n\/Zona Roja Cdmx.<\/p>\n\n\n\n<p>Ciudad de M\u00e9xico, a 23 de septiembre de 2024.- La escritora y editora Karina Sosa (Oaxaca, 1987) encontr\u00f3 en la literatura \u201cel medio m\u00e1s eficaz para explorar las complejidades de la memoria y la identidad\u201d.<\/p>\n\n\n\n<p>En su novela m\u00e1s reciente, Orfandad, alude a un episodio de agitaci\u00f3n social que ocurri\u00f3 en su lugar de origen, pero al mismo tiempo a la historia de una joven que no s\u00f3lo sufre la ruptura de su entorno, sino de su vida.<\/p>\n\n\n\n<p>La trama se sit\u00faa en 2006, a\u00f1o simb\u00f3lico en Oaxaca, cuando estall\u00f3 una revuelta popular que trascendi\u00f3 las demandas iniciales del magisterio de la secci\u00f3n 22 de la Coordinadora Nacional de Trabajadores de la Educaci\u00f3n.<\/p>\n\n\n\n<p>La lucha que comenz\u00f3 como una exigencia de mejoras laborales pronto se transform\u00f3 en un movimiento m\u00e1s amplio, en el que diversas figuras de la sociedad unieron fuerzas en la Asamblea Popular de los Pueblos de Oaxaca (APPO). La meta principal: la destituci\u00f3n del entonces gobernador, Ulises Ruiz Ortiz, y una serie de cambios en la entidad que, por un breve lapso, parecieron posibles.<\/p>\n\n\n\n<p>\u201cPude observar de cerca cada acontecimiento debido a que mi pap\u00e1, Flavio Sosa, particip\u00f3 en la APPO. Fue luchador social, preso pol\u00edtico y desaparecido. Sin embargo, esta historia es autoficticia\u201d, explic\u00f3 Sosa en entrevista con La Jornada.<\/p>\n\n\n\n<p>\u201cLa memoria parece una casa de espejos en la que cada persona refleja su propio miedo, deseo y anhelo. Aun cuando todos miramos un mismo hecho, lo hacemos desde distintas perspectivas. Por esa raz\u00f3n, la memoria es algo personal e intransferible.\u201d<\/p>\n\n\n\n<p>Una hija descubre la grieta en su familia: sus padres est\u00e1n separados y la casa en la que crecen ella y sus hermanos se va poblando de recuerdos. En junio de 2006, el padre de la protagonista encabeza una lucha popular para que el gobierno de Oaxaca caiga y se haga justicia. A la par de lidiar con el abandono paterno, la joven intenta descubrir qui\u00e9n ha sido y qui\u00e9n es ahora como mujer.<\/p>\n\n\n\n<p>Karina Sosa enfatiz\u00f3 que su novela no es un panfleto ni una cr\u00f3nica. M\u00e1s bien, se trata de un viaje introspectivo del personaje \u2013que lleva su propio nombre\u2013 en busca de su lugar en un ambiente en constante cambio.<\/p>\n\n\n\n<p>La influencia de otros escritores es palpable en Orfandad, publicada por Penguin Random House. Karina Sosa mencion\u00f3 a Elena Ferrante y su novela La vida mentirosa de los adultos como detonante para su propia historia.<\/p>\n\n\n\n<p>Al igual que Ferrante, Sosa se interesa por las relaciones de poder y la carga emocional que los padres imponen a sus hijos. En su obra, la figura paterna es fuente de conflicto, adem\u00e1s de catalizador para la autodefinici\u00f3n de la protagonista, quien lucha por liberarse del peso de las expectativas y el legado familiar.<\/p>\n\n\n\n<p>El proceso de escritura tambi\u00e9n fue doloroso para la joven autora, ya que su abuela paterna falleci\u00f3 en 2021. Sin embargo, la narrativa, aterradora e \u00edntima, se entrelaz\u00f3 con la p\u00e9rdida colectiva que sufri\u00f3 su comunidad, lo que produjo una novela que evoca el duelo personal, adem\u00e1s del impacto de un momento hist\u00f3rico traum\u00e1tico que resuena en el M\u00e9xico contempor\u00e1neo.<\/p>\n\n\n\n<p>El t\u00edtulo de la novela tampoco es casual. Refleja la sensaci\u00f3n compartida de muchos oaxaque\u00f1os que vivieron esos a\u00f1os de lucha y represi\u00f3n, donde era constante la ausencia de justicia y el abuso de autoridad.<\/p>\n\n\n\n<p>\u201cHubo presos, desaparecidos, muertos, y nunca habr\u00e1 una reparaci\u00f3n del da\u00f1o absoluta. Todav\u00eda no hay castigo para los culpables de estas atrocidades\u201d, lament\u00f3 Karina Sosa.<\/p>\n\n\n\n<p>\u201cLa ficci\u00f3n y la literatura permiten no pontificar las cosas, al contrario, s\u00f3lo dejan marcas o miradas sobre lo que ocurri\u00f3. En Orfandad, exhorto a los lectores a mirar, recordar y a construir nuestras propias respuestas en un mundo que a menudo se siente incompleto.\u201d<\/p>\n\n\n\n<p>(Informaci\u00f3n de \u201cLa Jornada\u201d)<\/p>\n","protected":false},"excerpt":{"rendered":"<p>Redacci\u00f3n\/Zona Roja Cdmx. Ciudad de M\u00e9xico, a 23 de septiembre de 2024.- La escritora y&hellip;<\/p>\n","protected":false},"author":2,"featured_media":72710,"comment_status":"closed","ping_status":"open","sticky":false,"template":"","format":"standard","meta":{"_lmt_disableupdate":"","_lmt_disable":"","_jetpack_memberships_contains_paid_content":false,"footnotes":""},"categories":[109,46],"tags":[2870],"class_list":["post-72709","post","type-post","status-publish","format-standard","has-post-thumbnail","hentry","category-minuto-a-minuto","category-zona-blanca","tag-karina-sosa-castaneda"],"jetpack_featured_media_url":"https:\/\/zonaroja.com.mx\/wp-content\/uploads\/2024\/09\/Karina-Sosa.jpg","jetpack_sharing_enabled":true,"_links":{"self":[{"href":"https:\/\/zonaroja.com.mx\/index.php?rest_route=\/wp\/v2\/posts\/72709","targetHints":{"allow":["GET"]}}],"collection":[{"href":"https:\/\/zonaroja.com.mx\/index.php?rest_route=\/wp\/v2\/posts"}],"about":[{"href":"https:\/\/zonaroja.com.mx\/index.php?rest_route=\/wp\/v2\/types\/post"}],"author":[{"embeddable":true,"href":"https:\/\/zonaroja.com.mx\/index.php?rest_route=\/wp\/v2\/users\/2"}],"replies":[{"embeddable":true,"href":"https:\/\/zonaroja.com.mx\/index.php?rest_route=%2Fwp%2Fv2%2Fcomments&post=72709"}],"version-history":[{"count":1,"href":"https:\/\/zonaroja.com.mx\/index.php?rest_route=\/wp\/v2\/posts\/72709\/revisions"}],"predecessor-version":[{"id":72711,"href":"https:\/\/zonaroja.com.mx\/index.php?rest_route=\/wp\/v2\/posts\/72709\/revisions\/72711"}],"wp:featuredmedia":[{"embeddable":true,"href":"https:\/\/zonaroja.com.mx\/index.php?rest_route=\/wp\/v2\/media\/72710"}],"wp:attachment":[{"href":"https:\/\/zonaroja.com.mx\/index.php?rest_route=%2Fwp%2Fv2%2Fmedia&parent=72709"}],"wp:term":[{"taxonomy":"category","embeddable":true,"href":"https:\/\/zonaroja.com.mx\/index.php?rest_route=%2Fwp%2Fv2%2Fcategories&post=72709"},{"taxonomy":"post_tag","embeddable":true,"href":"https:\/\/zonaroja.com.mx\/index.php?rest_route=%2Fwp%2Fv2%2Ftags&post=72709"}],"curies":[{"name":"wp","href":"https:\/\/api.w.org\/{rel}","templated":true}]}}