{"id":72715,"date":"2024-09-23T17:42:28","date_gmt":"2024-09-23T23:42:28","guid":{"rendered":"https:\/\/zonaroja.com.mx\/?p=72715"},"modified":"2024-09-23T17:42:30","modified_gmt":"2024-09-23T23:42:30","slug":"amenaza-huracan-john-en-categoria-2-a-la-costa-de-oaxaca","status":"publish","type":"post","link":"https:\/\/zonaroja.com.mx\/?p=72715","title":{"rendered":"Amenaza hurac\u00e1n \u201cJohn\u201d en categor\u00eda 2 a la costa de Oaxaca"},"content":{"rendered":"\n<p>Raymundo Morales\/Zona Roja.<\/p>\n\n\n\n<p>Oaxaca de Ju\u00e1rez, Oax., a 23 de septiembre de 2024.- En menos de 12 horas, la Tormenta Tropical subi\u00f3 a hurac\u00e1n categor\u00eda 2 y esta tarde amenaza a la zona costera de Oaxaca, con vientos y lluvias de gran intensidad.<\/p>\n\n\n\n<p>De acuerdo con el Servicio Meteorol\u00f3gico Nacional (SMN) el fen\u00f3meno se aproxima a las costas de esta entidad y Guerrero, inform\u00f3 la Coordinaci\u00f3n Estatal de Protecci\u00f3n Civil y Gesti\u00f3n de Riesgos (CEPCyGR).<\/p>\n\n\n\n<p>En un comunicado, informo que por su amplia circulaci\u00f3n, este fen\u00f3meno hidrometeorol\u00f3gico generar\u00e1 lluvias intensas a puntuales extraordinarias, vientos muy fuertes y oleaje elevado en territorio estatal.<\/p>\n\n\n\n<p>El reporte del organismo establece que, de mantener la trayectoria actual, se prev\u00e9 que el centro del hurac\u00e1n \u201cJohn\u201d toque tierra entre Santiago Pinotepa Nacional, Oaxaca, y Copala, Guerrero, entre las 21:00 horas de este lunes 23 de septiembre y a las 01 horas del martes 24.<\/p>\n\n\n\n<p>Por lo que pide a la poblaci\u00f3n extremar precauciones por lluvias, viento y oleaje (incluyendo la navegaci\u00f3n mar\u00edtima) y atender las recomendaciones emitidas por las autoridades de Protecci\u00f3n Civil de Oaxaca.<\/p>\n\n\n\n<p>GOBERNADOR A LA ZONA<\/p>\n\n\n\n<p>A trav\u00e9s de un video, el gobernador Salom\u00f3n Jara Cruz dio a conocer que esta tarde misma se instal\u00f3 el Consejo Estatal de Protecci\u00f3n Civil.<\/p>\n\n\n\n<p>\u201cAnte esta situaci\u00f3n, he decidido trasladarme, junto con el personal de Protecci\u00f3n Civil, a la Costa, para coordinar las acciones que estamos implementando para gestionar la emergencia\u201d, expuso.<\/p>\n\n\n\n<p>Destac\u00f3 que se est\u00e1n tomando diversas medidas, entre ellas el despliegue institucional de todos los organismos; la movilizaci\u00f3n de la maquinaria para atender contingencias; habilitar albergues en la zona; evacuar zonas tur\u00edsticas; suspender las clases en todas las escuelas de la regi\u00f3n y mantener informada a la poblaci\u00f3n.<\/p>\n\n\n\n<p>INSTALAN CONSEJO<\/p>\n\n\n\n<p>Este mismo lunes, poco despu\u00e9s del mediod\u00eda, el mandatario instal\u00f3 la sesi\u00f3n permanente del Consejo Estatal de Protecci\u00f3n Civil y Gesti\u00f3n de Riesgos de Oaxaca con el fin de responder de manera eficiente, responsable y oportuna al paso del hurac\u00e1n \u201cJohn\u201d por el territorio estatal.<\/p>\n\n\n\n<p>En su calidad de Presidente de dicho Consejo, y ante representantes de instituciones federales, estatales y municipales, el gobernador llam\u00f3 a la poblaci\u00f3n oaxaque\u00f1a a que siga las indicaciones que establece la Coordinaci\u00f3n Estatal de Protecci\u00f3n Civil y Gesti\u00f3n de Riesgos (CEPCyGR) para salvaguardar la vida e integridad de las personas ante este fen\u00f3meno hidrometeorol\u00f3gico.<\/p>\n\n\n\n<p>\u201cDebemos prepararnos, todas las autoridades del orden federal, estatal y municipal, que forman parte de este Consejo para prever y ubicar el funcionamiento de refugios, revisar nuestros sistemas de alertamiento, poner a prueba los protocolos de emergencia y asegurar una permanente comunicaci\u00f3n y estrecha coordinaci\u00f3n\u201d, expres\u00f3.<\/p>\n\n\n\n<p>Se trata, dijo, de atender debidamente la alerta para evitar da\u00f1os mayores y p\u00e9rdidas de vidas humanas.<\/p>\n\n\n\n<p>Se tiene previsto que 130 municipios se ubiquen en peligro medio, 369 en peligro bajo y 71 en peligro muy bajo en la entidad.<\/p>\n\n\n\n<p>En el seno del Consejo se determin\u00f3 la suspensi\u00f3n de clases en la regi\u00f3n de la Costa, as\u00ed como los vuelos en el Aeropuerto Internacional de Puerto Escondido, el cierre de carreteras de mayor riesgo para deslaves y derrumbes. Se estableci\u00f3 el Plan DN-III-E del Ej\u00e9rcito Mexicano, el Plan Marina de la Secretar\u00eda de Marina y el Plan GN-A de la Guardia Nacional.<\/p>\n\n\n\n<p>Las autoridades municipales se preparan con albergues para atender a la poblaci\u00f3n que requiera resguardo.<\/p>\n","protected":false},"excerpt":{"rendered":"<p>Raymundo Morales\/Zona Roja. Oaxaca de Ju\u00e1rez, Oax., a 23 de septiembre de 2024.- En menos&hellip;<\/p>\n","protected":false},"author":2,"featured_media":72716,"comment_status":"closed","ping_status":"open","sticky":false,"template":"","format":"standard","meta":{"_lmt_disableupdate":"","_lmt_disable":"","_jetpack_memberships_contains_paid_content":false,"footnotes":""},"categories":[109,47],"tags":[4073],"class_list":["post-72715","post","type-post","status-publish","format-standard","has-post-thumbnail","hentry","category-minuto-a-minuto","category-zona-gris","tag-huracan-john"],"jetpack_featured_media_url":"https:\/\/zonaroja.com.mx\/wp-content\/uploads\/2024\/09\/CEPCyGR-John-categoria-2-2.jpeg","jetpack_sharing_enabled":true,"_links":{"self":[{"href":"https:\/\/zonaroja.com.mx\/index.php?rest_route=\/wp\/v2\/posts\/72715","targetHints":{"allow":["GET"]}}],"collection":[{"href":"https:\/\/zonaroja.com.mx\/index.php?rest_route=\/wp\/v2\/posts"}],"about":[{"href":"https:\/\/zonaroja.com.mx\/index.php?rest_route=\/wp\/v2\/types\/post"}],"author":[{"embeddable":true,"href":"https:\/\/zonaroja.com.mx\/index.php?rest_route=\/wp\/v2\/users\/2"}],"replies":[{"embeddable":true,"href":"https:\/\/zonaroja.com.mx\/index.php?rest_route=%2Fwp%2Fv2%2Fcomments&post=72715"}],"version-history":[{"count":1,"href":"https:\/\/zonaroja.com.mx\/index.php?rest_route=\/wp\/v2\/posts\/72715\/revisions"}],"predecessor-version":[{"id":72717,"href":"https:\/\/zonaroja.com.mx\/index.php?rest_route=\/wp\/v2\/posts\/72715\/revisions\/72717"}],"wp:featuredmedia":[{"embeddable":true,"href":"https:\/\/zonaroja.com.mx\/index.php?rest_route=\/wp\/v2\/media\/72716"}],"wp:attachment":[{"href":"https:\/\/zonaroja.com.mx\/index.php?rest_route=%2Fwp%2Fv2%2Fmedia&parent=72715"}],"wp:term":[{"taxonomy":"category","embeddable":true,"href":"https:\/\/zonaroja.com.mx\/index.php?rest_route=%2Fwp%2Fv2%2Fcategories&post=72715"},{"taxonomy":"post_tag","embeddable":true,"href":"https:\/\/zonaroja.com.mx\/index.php?rest_route=%2Fwp%2Fv2%2Ftags&post=72715"}],"curies":[{"name":"wp","href":"https:\/\/api.w.org\/{rel}","templated":true}]}}