{"id":72720,"date":"2024-09-23T19:35:39","date_gmt":"2024-09-24T01:35:39","guid":{"rendered":"https:\/\/zonaroja.com.mx\/?p=72720"},"modified":"2024-09-23T19:35:41","modified_gmt":"2024-09-24T01:35:41","slug":"por-tercera-semana-consecutiva-marcha-y-bloquea-la-seccion-22","status":"publish","type":"post","link":"https:\/\/zonaroja.com.mx\/?p=72720","title":{"rendered":"Por tercera semana consecutiva, marcha y bloquea la Secci\u00f3n 22"},"content":{"rendered":"\n<p>Raymundo Morales\/Zona Roja.<\/p>\n\n\n\n<p>Oaxaca de Ju\u00e1rez, Oax., a 23 de septiembre de 2024.- Por tercera semana consecutiva, en Oaxaca hay marchas y bloqueos por parte de sectores de la Secci\u00f3n 22 del Sindicato Nacional de Trabajadores de la Educaci\u00f3n.<\/p>\n\n\n\n<p>Ahora fue el nivel de Homologados, que march\u00f3 de la fuente de las Ocho Regiones hacia el centro de la ciudad de Oaxaca; tras ello, se instal\u00f3 en \u201cplant\u00f3n\u201d en el cruce de las calles Reforma y Constituci\u00f3n.<\/p>\n\n\n\n<p>De acuerdo con los inconformes, la SEP y el Instituto Estatal de Educaci\u00f3n P\u00fablica de Oaxaca mantiene una serie de pendientes, entre ellos recategorizaci\u00f3n, compactaci\u00f3n y basificaci\u00f3n del personal docente, as\u00ed como mejoramiento de las condiciones laborales. <\/p>\n\n\n\n<p>Cerca de las 15:00 horas y tras una mesa de di\u00e1logo en la Hemeroteca P\u00fablica, comenzaron a retirar el bloqueo y liberar las vialidades.<\/p>\n\n\n\n<p>Sin embargo, amagaron con reanudar e intensificar las protestas, en caso de que el IEEPO no cumpla con el compromiso de establecer una mesa de trabajo con el gobernador Salom\u00f3n Jara Cruz y con autoridades de la SEP.<\/p>\n\n\n\n<p>En la movilizaci\u00f3n de este lunes tampoco particip\u00f3 el Comit\u00e9 Ejecutivo Seccional, que encabeza Yenny Aracely P\u00e9rez Mart\u00ednez.<\/p>\n\n\n\n<p>Desde inicios de septiembre, diversos sectores del magisterio, como los niveles de Educaci\u00f3n F\u00edsica y Secundarias T\u00e9cnicas, adem\u00e1s de los normalistas, han efectuado una serie de movilizaciones, algunas de ellas con vandalismo, sin que sean respaldadas por la dirigencia sindical del magisterio.<\/p>\n\n\n\n<p>Apenas el pasado s\u00e1bado, estudiantes de escuelas normales del estado marcharon y causaron destrozos a diversos inmuebles del estado, tras lo cual la Fiscal\u00eda General del Estado inform\u00f3 que dio inicio a las indagatorias, con la finalidad de realizar las detenciones correspondientes.<\/p>\n","protected":false},"excerpt":{"rendered":"<p>Raymundo Morales\/Zona Roja. Oaxaca de Ju\u00e1rez, Oax., a 23 de septiembre de 2024.- Por tercera&hellip;<\/p>\n","protected":false},"author":2,"featured_media":72722,"comment_status":"closed","ping_status":"open","sticky":false,"template":"","format":"standard","meta":{"_lmt_disableupdate":"","_lmt_disable":"","_jetpack_memberships_contains_paid_content":false,"footnotes":""},"categories":[109,47],"tags":[312],"class_list":["post-72720","post","type-post","status-publish","format-standard","has-post-thumbnail","hentry","category-minuto-a-minuto","category-zona-gris","tag-seccion-22-del-snte"],"jetpack_featured_media_url":"https:\/\/zonaroja.com.mx\/wp-content\/uploads\/2024\/09\/Marcha-homologads-Seccion-22.jpg","jetpack_sharing_enabled":true,"_links":{"self":[{"href":"https:\/\/zonaroja.com.mx\/index.php?rest_route=\/wp\/v2\/posts\/72720","targetHints":{"allow":["GET"]}}],"collection":[{"href":"https:\/\/zonaroja.com.mx\/index.php?rest_route=\/wp\/v2\/posts"}],"about":[{"href":"https:\/\/zonaroja.com.mx\/index.php?rest_route=\/wp\/v2\/types\/post"}],"author":[{"embeddable":true,"href":"https:\/\/zonaroja.com.mx\/index.php?rest_route=\/wp\/v2\/users\/2"}],"replies":[{"embeddable":true,"href":"https:\/\/zonaroja.com.mx\/index.php?rest_route=%2Fwp%2Fv2%2Fcomments&post=72720"}],"version-history":[{"count":1,"href":"https:\/\/zonaroja.com.mx\/index.php?rest_route=\/wp\/v2\/posts\/72720\/revisions"}],"predecessor-version":[{"id":72723,"href":"https:\/\/zonaroja.com.mx\/index.php?rest_route=\/wp\/v2\/posts\/72720\/revisions\/72723"}],"wp:featuredmedia":[{"embeddable":true,"href":"https:\/\/zonaroja.com.mx\/index.php?rest_route=\/wp\/v2\/media\/72722"}],"wp:attachment":[{"href":"https:\/\/zonaroja.com.mx\/index.php?rest_route=%2Fwp%2Fv2%2Fmedia&parent=72720"}],"wp:term":[{"taxonomy":"category","embeddable":true,"href":"https:\/\/zonaroja.com.mx\/index.php?rest_route=%2Fwp%2Fv2%2Fcategories&post=72720"},{"taxonomy":"post_tag","embeddable":true,"href":"https:\/\/zonaroja.com.mx\/index.php?rest_route=%2Fwp%2Fv2%2Ftags&post=72720"}],"curies":[{"name":"wp","href":"https:\/\/api.w.org\/{rel}","templated":true}]}}