{"id":72726,"date":"2024-09-23T22:02:55","date_gmt":"2024-09-24T04:02:55","guid":{"rendered":"https:\/\/zonaroja.com.mx\/?p=72726"},"modified":"2024-09-23T22:02:56","modified_gmt":"2024-09-24T04:02:56","slug":"caos-en-imss-bienestar-servicios-de-salud-genera-crisis-en-tamazulapam","status":"publish","type":"post","link":"https:\/\/zonaroja.com.mx\/?p=72726","title":{"rendered":"Caos en IMSS Bienestar-Servicios de Salud genera crisis en Tamazul\u00e1pam"},"content":{"rendered":"\n<p>Ismael Garc\u00eda M.\/Zona Roja.<\/p>\n\n\n\n<p>Oaxaca de Ju\u00e1rez, Oax., a 23 de octubre de 2024.- Autoridades del municipio de Tamazul\u00e1pam del Esp\u00edritu Santo denunciaron m\u00faltiples carencias en materia de salud y abandono del hospital comunitario, ante la falta de medicamentos y personal m\u00e9dico.<\/p>\n\n\n\n<p>En conferencia de prensa en la capital, lamentaron que el desorden durante el traspaso de los Servicios de Salud de Oaxaca (SSO) al IMSS Bienestar haya generado una mayor crisis en dicha localidad de la zona Mixe.<\/p>\n\n\n\n<p>\u201cLa instituci\u00f3n se encuentra en una situaci\u00f3n cr\u00edtica debido a la escasez de insumos m\u00e9dicos, medicamentos y recursos econ\u00f3micos, lo que ha afectado gravemente su capacidad para ofrecer la atenci\u00f3n m\u00e9dica gratuita y de calidad que la poblaci\u00f3n merece\u201d, expusieron, entre otros, la regidora de Salud del ayuntamiento, Nereida Mart\u00ednez Calder\u00f3n, adem\u00e1s del presidente del comit\u00e9 de salud, Mauro Mart\u00ed Guzm\u00e1n.<\/p>\n\n\n\n<p>\u201cDenunciamos el abandono y la discriminaci\u00f3n hist\u00f3rica que han sufrido los pueblos ind\u00edgenas de Oaxaca, quienes han sido ignorados sistem\u00e1ticamente por las pol\u00edticas p\u00fablicas racistas y el desinter\u00e9s de los gobiernos.<\/p>\n\n\n\n<p>\u201cEstas comunidades que debieran ser el centro de atenci\u00f3n por su riqueza cultural y contribuci\u00f3n a la diversidad del pa\u00eds, han permanecido marginadas y sin acceso a los servicios b\u00e1sicos como la salud, educaci\u00f3n y saneamiento\u201d.<\/p>\n\n\n\n<p>Expusieron que el hospital comunitario atiende a unos 20 municipios de la zona Mixe pero hoy se encuentra en una situaci\u00f3n cr\u00edtica y \u201cno es un hecho aislado, sino parte de un patr\u00f3n de despojo y racismo institucional\u201d.<\/p>\n\n\n\n<p>Entre otros puntos, demandaron la dotaci\u00f3n inmediata de insumos m\u00e9dicos y la liberaci\u00f3n de recursos financieros para garantizar la atenci\u00f3n m\u00e9dica a la poblaci\u00f3n; la ampliaci\u00f3n del hospital a uno de 30 camas.<\/p>\n\n\n\n<p>La construcci\u00f3n de un alb\u00e9rguenme para pacientes y sus familiares que proceden de diversas localidades lejanas; la rehabilitaci\u00f3n de la planta de tratamiento de aguas residuales, entre otros.<\/p>\n\n\n\n<p>En la conferencia de prensa particip\u00f3 tambi\u00e9n la diputada federal por el PT, Aracely Cruz, quien demand\u00f3 la intervenci\u00f3n urgente del gobernador Salom\u00f3n Jara Cruz.<\/p>\n\n\n\n<figure class=\"wp-block-embed is-type-rich is-provider-twitter wp-block-embed-twitter\"><div class=\"wp-block-embed__wrapper\">\n<div class=\"twitter-tweet\"><blockquote class=\"twitter-tweet\" data-lang=\"es\"><p lang=\"es\" dir=\"ltr\">La diputada federal <a href=\"https:\/\/twitter.com\/MAracely_Cruz?ref_src=twsrc%5Etfw\">@MAracely_Cruz<\/a> -v\u00edctima de acoso y amenazas por parte del funcionario Donato Vargas- respald\u00f3 la denuncia de autoridades de Tamazul\u00e1pam del Esp\u00edritu Santo y exigi\u00f3 al gobierno una atenci\u00f3n inmediata a las carencias en el sector salud. <a href=\"https:\/\/t.co\/J97yU7HbS2\">pic.twitter.com\/J97yU7HbS2<\/a><\/p>&mdash; Zona Roja Oaxaca (@ZonaRoja_Oaxaca) <a href=\"https:\/\/twitter.com\/ZonaRoja_Oaxaca\/status\/1838389487711207715?ref_src=twsrc%5Etfw\">24 de septiembre de 2024<\/a><\/blockquote><\/div>\n<\/div><\/figure>\n","protected":false},"excerpt":{"rendered":"<p>Ismael Garc\u00eda M.\/Zona Roja. Oaxaca de Ju\u00e1rez, Oax., a 23 de octubre de 2024.- Autoridades&hellip;<\/p>\n","protected":false},"author":2,"featured_media":72727,"comment_status":"closed","ping_status":"open","sticky":false,"template":"","format":"standard","meta":{"_lmt_disableupdate":"","_lmt_disable":"","_jetpack_memberships_contains_paid_content":false,"footnotes":""},"categories":[109,47],"tags":[587],"class_list":["post-72726","post","type-post","status-publish","format-standard","has-post-thumbnail","hentry","category-minuto-a-minuto","category-zona-gris","tag-tamazulapam-del-espiritu-santo"],"jetpack_featured_media_url":"https:\/\/zonaroja.com.mx\/wp-content\/uploads\/2024\/09\/Conferencia-de-prensa-Tamazulapan-.jpg","jetpack_sharing_enabled":true,"_links":{"self":[{"href":"https:\/\/zonaroja.com.mx\/index.php?rest_route=\/wp\/v2\/posts\/72726","targetHints":{"allow":["GET"]}}],"collection":[{"href":"https:\/\/zonaroja.com.mx\/index.php?rest_route=\/wp\/v2\/posts"}],"about":[{"href":"https:\/\/zonaroja.com.mx\/index.php?rest_route=\/wp\/v2\/types\/post"}],"author":[{"embeddable":true,"href":"https:\/\/zonaroja.com.mx\/index.php?rest_route=\/wp\/v2\/users\/2"}],"replies":[{"embeddable":true,"href":"https:\/\/zonaroja.com.mx\/index.php?rest_route=%2Fwp%2Fv2%2Fcomments&post=72726"}],"version-history":[{"count":1,"href":"https:\/\/zonaroja.com.mx\/index.php?rest_route=\/wp\/v2\/posts\/72726\/revisions"}],"predecessor-version":[{"id":72728,"href":"https:\/\/zonaroja.com.mx\/index.php?rest_route=\/wp\/v2\/posts\/72726\/revisions\/72728"}],"wp:featuredmedia":[{"embeddable":true,"href":"https:\/\/zonaroja.com.mx\/index.php?rest_route=\/wp\/v2\/media\/72727"}],"wp:attachment":[{"href":"https:\/\/zonaroja.com.mx\/index.php?rest_route=%2Fwp%2Fv2%2Fmedia&parent=72726"}],"wp:term":[{"taxonomy":"category","embeddable":true,"href":"https:\/\/zonaroja.com.mx\/index.php?rest_route=%2Fwp%2Fv2%2Fcategories&post=72726"},{"taxonomy":"post_tag","embeddable":true,"href":"https:\/\/zonaroja.com.mx\/index.php?rest_route=%2Fwp%2Fv2%2Ftags&post=72726"}],"curies":[{"name":"wp","href":"https:\/\/api.w.org\/{rel}","templated":true}]}}