{"id":72729,"date":"2024-09-24T07:12:23","date_gmt":"2024-09-24T13:12:23","guid":{"rendered":"https:\/\/zonaroja.com.mx\/?p=72729"},"modified":"2024-09-24T07:12:25","modified_gmt":"2024-09-24T13:12:25","slug":"deja-danos-menores-john-a-su-paso-por-oaxaca-esta-en-guerrero","status":"publish","type":"post","link":"https:\/\/zonaroja.com.mx\/?p=72729","title":{"rendered":"Deja da\u00f1os menores \u201cJohn\u201d a su paso por Oaxaca; est\u00e1 en Guerrero"},"content":{"rendered":"\n<p>Ismael Garc\u00eda M.\/Zona Roja.<\/p>\n\n\n\n<p>Oaxaca de Ju\u00e1rez, Oax., a 24 de septiembre de 2024.- Alrededor de las tres de la ma\u00f1ana de este martes, \u201cJohn\u201d se degrad\u00f3 de hurac\u00e1n categor\u00eda 3 a Tormenta Tropical, confirm\u00f3 la Comisi\u00f3n Nacional del Agua (Conagua).<\/p>\n\n\n\n<p>El potencial fenomenol\u00f3gico hidrometeorol\u00f3gico toc\u00f3 tierra a las 21:15 horas de anoche en Marquelia, Guerrero; pocas horas antes, se preve\u00eda que impactar\u00eda Santiago Pinotepa Nacional.<\/p>\n\n\n\n<p>Hasta el momento no hay reportes de da\u00f1os de la Coordinaci\u00f3n Estatal de Protecci\u00f3n Civil de Oaxaca, aunque en la zona costera; de manera extraoficial informan que s\u00f3lo hay intensas lluvias, encharcamientos y anegaciones menores.<\/p>\n\n\n\n<p>Los da\u00f1os mayores se presentan en las v\u00edas federales 175 de la Costa, a la altura de la comunidad de Galilea, municipio de San Pedro Pochutla, donde se form\u00f3 un enorme socav\u00f3n.<\/p>\n\n\n\n<p>Mientras que desde anoche, el gobernador Salom\u00f3n Jara Cruz dio a conocer el cierre de la supercarretera a Puerto Escondido, tramo Barranca Larga-Ventanilla, por m\u00faltiples derrumbes.<\/p>\n\n\n\n<p>De acuerdo con el reporte de las 06:15 horas de la Conagua, \u201cJohn\u201d se ubic\u00f3 a 70 kil\u00f3metros al este-noroeste de Tecpan de Galeana y a 100 kil\u00f3metros al noroeste de Acapulco, Guerrero.<\/p>\n\n\n\n<p>Continuar\u00e1 gener\u00e1ndotela lluvias intensas a puntuales extraordinarias en Guerrero, Oaxaca, Chiapas, Veracruz, Michoac\u00e1n y Puebla.<\/p>\n\n\n\n<p>As\u00ed como chubascos con lluvias puntuales fuertes en el centro del pa\u00eds, incluido el valle de M\u00e9xico.<\/p>\n\n\n\n<p>A su vez, se prev\u00e9n fuertes a muy fuertes rachas de viento, oleaje elevado y posible formaci\u00f3n de trombas marinas en costas de Guerrero, Oaxaca y Chiapas.<\/p>\n","protected":false},"excerpt":{"rendered":"<p>Ismael Garc\u00eda M.\/Zona Roja. Oaxaca de Ju\u00e1rez, Oax., a 24 de septiembre de 2024.- Alrededor&hellip;<\/p>\n","protected":false},"author":2,"featured_media":72730,"comment_status":"closed","ping_status":"open","sticky":false,"template":"","format":"standard","meta":{"_lmt_disableupdate":"","_lmt_disable":"","_jetpack_memberships_contains_paid_content":false,"footnotes":""},"categories":[109,47],"tags":[4073],"class_list":["post-72729","post","type-post","status-publish","format-standard","has-post-thumbnail","hentry","category-minuto-a-minuto","category-zona-gris","tag-huracan-john"],"jetpack_featured_media_url":"https:\/\/zonaroja.com.mx\/wp-content\/uploads\/2024\/09\/Socavon-Pochutla-lluvias.jpg","jetpack_sharing_enabled":true,"_links":{"self":[{"href":"https:\/\/zonaroja.com.mx\/index.php?rest_route=\/wp\/v2\/posts\/72729","targetHints":{"allow":["GET"]}}],"collection":[{"href":"https:\/\/zonaroja.com.mx\/index.php?rest_route=\/wp\/v2\/posts"}],"about":[{"href":"https:\/\/zonaroja.com.mx\/index.php?rest_route=\/wp\/v2\/types\/post"}],"author":[{"embeddable":true,"href":"https:\/\/zonaroja.com.mx\/index.php?rest_route=\/wp\/v2\/users\/2"}],"replies":[{"embeddable":true,"href":"https:\/\/zonaroja.com.mx\/index.php?rest_route=%2Fwp%2Fv2%2Fcomments&post=72729"}],"version-history":[{"count":1,"href":"https:\/\/zonaroja.com.mx\/index.php?rest_route=\/wp\/v2\/posts\/72729\/revisions"}],"predecessor-version":[{"id":72731,"href":"https:\/\/zonaroja.com.mx\/index.php?rest_route=\/wp\/v2\/posts\/72729\/revisions\/72731"}],"wp:featuredmedia":[{"embeddable":true,"href":"https:\/\/zonaroja.com.mx\/index.php?rest_route=\/wp\/v2\/media\/72730"}],"wp:attachment":[{"href":"https:\/\/zonaroja.com.mx\/index.php?rest_route=%2Fwp%2Fv2%2Fmedia&parent=72729"}],"wp:term":[{"taxonomy":"category","embeddable":true,"href":"https:\/\/zonaroja.com.mx\/index.php?rest_route=%2Fwp%2Fv2%2Fcategories&post=72729"},{"taxonomy":"post_tag","embeddable":true,"href":"https:\/\/zonaroja.com.mx\/index.php?rest_route=%2Fwp%2Fv2%2Ftags&post=72729"}],"curies":[{"name":"wp","href":"https:\/\/api.w.org\/{rel}","templated":true}]}}