{"id":72732,"date":"2024-09-24T08:15:00","date_gmt":"2024-09-24T14:15:00","guid":{"rendered":"https:\/\/zonaroja.com.mx\/?p=72732"},"modified":"2024-09-24T08:18:58","modified_gmt":"2024-09-24T14:18:58","slug":"impone-lopez-obrador-a-claudia-tambien-a-fiscal-gertz-manero","status":"publish","type":"post","link":"https:\/\/zonaroja.com.mx\/?p=72732","title":{"rendered":"Impone L\u00f3pez Obrador a Claudia tambi\u00e9n a fiscal Gertz Manero"},"content":{"rendered":"\n<p>Redacci\u00f3n\/Zona Roja Cdmx.<\/p>\n\n\n\n<p>Ciudad de M\u00e9xico, a 24 de septiembre de 2024.- Frente a los rumores de una posible renuncia como Fiscal General de la Rep\u00fablica, Claudia Sheinbaum, presidenta electa de M\u00e9xico, confirm\u00f3 que Alejandro Gertz Manero se mantendr\u00e1 al frente de la instituci\u00f3n.<\/p>\n\n\n\n<p>Ayer previo a su viaje a Tamaulipas para develar un monumento al revolucionario Catarino Garza, la presidenta electa se reuni\u00f3 con el fiscal general.<\/p>\n\n\n\n<p>La presidenta detall\u00f3 que en la reuni\u00f3n le plante\u00f3 a Gertz Manero su propuesta para que haya coordinaci\u00f3n entre la Secretar\u00eda de Seguridad P\u00fablica y la Fiscal\u00eda General de la Rep\u00fablica, como en su momento lo hizo en el gobierno de la Ciudad de M\u00e9xico.<\/p>\n\n\n\n<p>\u201cUna muy buena reuni\u00f3n, como ustedes saben, la autonom\u00eda de la fiscal\u00eda es fundamental, pero yo he estado planteando la coordinaci\u00f3n y \u00e9l est\u00e1 de acuerdo. Entonces, nos estamos poniendo de acuerdo para ver c\u00f3mo fortalecer la coordinaci\u00f3n en el gabinete de seguridad, con la Secretar\u00eda de Seguridad Ciudadana y una muy buena reuni\u00f3n\u201d, expuso.<\/p>\n\n\n\n<p>En los \u00faltimos d\u00edas se especul\u00f3 que Alejandro Gertz Manero dejar\u00eda el cargo de fiscal general de la Rep\u00fablica.<\/p>\n\n\n\n<p>Al respecto, Sheinbaum puso fin a los rumores: \u201cSe queda\u201d.<\/p>\n\n\n\n<p>El 18 de enero de 2019, Alejandro Gertz Manero fue electo por el Senado de la Rep\u00fablica como el primer fiscal general de la Rep\u00fablica para un periodo de nueve a\u00f1os, el cual concluir\u00e1 en enero de 2028<\/p>\n\n\n\n<p>(Informaci\u00f3n de \u201cExpansi\u00f3n Pol\u00edtica\u201d)<\/p>\n","protected":false},"excerpt":{"rendered":"<p>Redacci\u00f3n\/Zona Roja Cdmx. Ciudad de M\u00e9xico, a 24 de septiembre de 2024.- Frente a los&hellip;<\/p>\n","protected":false},"author":2,"featured_media":72733,"comment_status":"closed","ping_status":"open","sticky":false,"template":"","format":"standard","meta":{"_lmt_disableupdate":"","_lmt_disable":"","_jetpack_memberships_contains_paid_content":false,"footnotes":""},"categories":[109,46],"tags":[3370],"class_list":["post-72732","post","type-post","status-publish","format-standard","has-post-thumbnail","hentry","category-minuto-a-minuto","category-zona-blanca","tag-claudia-sheinbaum"],"jetpack_featured_media_url":"https:\/\/zonaroja.com.mx\/wp-content\/uploads\/2024\/09\/Claudia-Sheinbaum-Gertz-Manero.webp","jetpack_sharing_enabled":true,"_links":{"self":[{"href":"https:\/\/zonaroja.com.mx\/index.php?rest_route=\/wp\/v2\/posts\/72732","targetHints":{"allow":["GET"]}}],"collection":[{"href":"https:\/\/zonaroja.com.mx\/index.php?rest_route=\/wp\/v2\/posts"}],"about":[{"href":"https:\/\/zonaroja.com.mx\/index.php?rest_route=\/wp\/v2\/types\/post"}],"author":[{"embeddable":true,"href":"https:\/\/zonaroja.com.mx\/index.php?rest_route=\/wp\/v2\/users\/2"}],"replies":[{"embeddable":true,"href":"https:\/\/zonaroja.com.mx\/index.php?rest_route=%2Fwp%2Fv2%2Fcomments&post=72732"}],"version-history":[{"count":1,"href":"https:\/\/zonaroja.com.mx\/index.php?rest_route=\/wp\/v2\/posts\/72732\/revisions"}],"predecessor-version":[{"id":72734,"href":"https:\/\/zonaroja.com.mx\/index.php?rest_route=\/wp\/v2\/posts\/72732\/revisions\/72734"}],"wp:featuredmedia":[{"embeddable":true,"href":"https:\/\/zonaroja.com.mx\/index.php?rest_route=\/wp\/v2\/media\/72733"}],"wp:attachment":[{"href":"https:\/\/zonaroja.com.mx\/index.php?rest_route=%2Fwp%2Fv2%2Fmedia&parent=72732"}],"wp:term":[{"taxonomy":"category","embeddable":true,"href":"https:\/\/zonaroja.com.mx\/index.php?rest_route=%2Fwp%2Fv2%2Fcategories&post=72732"},{"taxonomy":"post_tag","embeddable":true,"href":"https:\/\/zonaroja.com.mx\/index.php?rest_route=%2Fwp%2Fv2%2Ftags&post=72732"}],"curies":[{"name":"wp","href":"https:\/\/api.w.org\/{rel}","templated":true}]}}