{"id":72735,"date":"2024-09-24T09:19:00","date_gmt":"2024-09-24T15:19:00","guid":{"rendered":"https:\/\/zonaroja.com.mx\/?p=72735"},"modified":"2024-09-24T08:23:03","modified_gmt":"2024-09-24T14:23:03","slug":"asegura-fiscal-que-en-oaxaca-disminuyo-incidencia-delictiva-en-2023","status":"publish","type":"post","link":"https:\/\/zonaroja.com.mx\/?p=72735","title":{"rendered":"Asegura fiscal que en Oaxaca disminuy\u00f3 incidencia delictiva en 2023"},"content":{"rendered":"\n<p>Ismael Garc\u00eda M.\/Zona Roja<\/p>\n\n\n\n<p>Oaxaca de Ju\u00e1rez, Oax., a 24 de septiembre de 2024.- La incidencia delictiva disminuy\u00f3 en Oaxaca durante el a\u00f1o 2023, de acuerdo con datos del Instituto Nacional de Geograf\u00eda (Inegi), dio a conocer el fiscal General del Estado, Bernardo Rodr\u00edguez Alamilla.<\/p>\n\n\n\n<p>Con base en la Encuesta Nacional de Victimizaci\u00f3n y Percepci\u00f3n de Seguridad P\u00fablica (Envipe), la tasa de v\u00edctimas por cada 100 mil habitantes fue de 13 mil 272, lo que coloca a la entidad en el primer lugar nacional; la media en el pa\u00eds es de 23 mil 323 casos.<\/p>\n\n\n\n<p>Asimismo, del a\u00f1o 2022 al 2023 a nivel nacional hubo un ligero incremento, de 3.3 por ciento, en la tasa de v\u00edctimas, en la entidad oaxaque\u00f1a fue a la baja con el 12.8 por ciento.<\/p>\n\n\n\n<p>Con respecto a los delitos en general, tambi\u00e9n hay una reducci\u00f3n, al pasar Oaxaca del lugar n\u00famero cuatro al tres en t\u00e9rminos de incidencia delictiva, con alrededor de tres mil delitos menos respecto al a\u00f1o anterior.<\/p>\n\n\n\n<p>En el pa\u00eds la media nacional de delitos es de 33 mil 267 delitos por cada 100 mil habitantes; en la entidad, durante el a\u00f1o pasado fue de 18 mil 575, una disminuci\u00f3n de 1.3 por ciento respecto al a\u00f1o anterior.<\/p>\n\n\n\n<p>De la misma manera, hay una disminuci\u00f3n en cuanto al costo de los delitos, en el estado hay una reducci\u00f3n de 601.8 millones de pesos, lo que representa un 15.56 por ciento menos.<\/p>\n\n\n\n<p>En t\u00e9rminos absolutos, la disminuci\u00f3n de v\u00edctimas de un a\u00f1o a otro es de casi 50 mil personas menos las que han padecido un delito, que es de alrededor de 2.16 por ciento, precis\u00f3.<\/p>\n\n\n\n<p>\u201cS\u00ed tenemos retos, s\u00ed; el tema de homicidios dolosos es algo que no hemos logrado bajar de la manera que creemos se podr\u00eda bajar, pero la mayor\u00eda mayor\u00eda de delitos van a la baja\u201d, precis\u00f3 el fiscal Bernardo Rodr\u00edguez Alamilla, durante la conferencia de prensa del gobernador Salom\u00f3n Jara Cruz, ayer en el Palacio de Gobierno.<\/p>\n","protected":false},"excerpt":{"rendered":"<p>Ismael Garc\u00eda M.\/Zona Roja Oaxaca de Ju\u00e1rez, Oax., a 24 de septiembre de 2024.- La&hellip;<\/p>\n","protected":false},"author":2,"featured_media":72736,"comment_status":"closed","ping_status":"open","sticky":false,"template":"","format":"standard","meta":{"_lmt_disableupdate":"","_lmt_disable":"","_jetpack_memberships_contains_paid_content":false,"footnotes":""},"categories":[109],"tags":[1262,494],"class_list":["post-72735","post","type-post","status-publish","format-standard","has-post-thumbnail","hentry","category-minuto-a-minuto","tag-bernardo-rodriguez-alamilla","tag-fiscalia-general-del-estado-de-oaxaca"],"jetpack_featured_media_url":"https:\/\/zonaroja.com.mx\/wp-content\/uploads\/2024\/09\/Bernardo-Rodriguez-Alamilla.jpeg","jetpack_sharing_enabled":true,"_links":{"self":[{"href":"https:\/\/zonaroja.com.mx\/index.php?rest_route=\/wp\/v2\/posts\/72735","targetHints":{"allow":["GET"]}}],"collection":[{"href":"https:\/\/zonaroja.com.mx\/index.php?rest_route=\/wp\/v2\/posts"}],"about":[{"href":"https:\/\/zonaroja.com.mx\/index.php?rest_route=\/wp\/v2\/types\/post"}],"author":[{"embeddable":true,"href":"https:\/\/zonaroja.com.mx\/index.php?rest_route=\/wp\/v2\/users\/2"}],"replies":[{"embeddable":true,"href":"https:\/\/zonaroja.com.mx\/index.php?rest_route=%2Fwp%2Fv2%2Fcomments&post=72735"}],"version-history":[{"count":1,"href":"https:\/\/zonaroja.com.mx\/index.php?rest_route=\/wp\/v2\/posts\/72735\/revisions"}],"predecessor-version":[{"id":72737,"href":"https:\/\/zonaroja.com.mx\/index.php?rest_route=\/wp\/v2\/posts\/72735\/revisions\/72737"}],"wp:featuredmedia":[{"embeddable":true,"href":"https:\/\/zonaroja.com.mx\/index.php?rest_route=\/wp\/v2\/media\/72736"}],"wp:attachment":[{"href":"https:\/\/zonaroja.com.mx\/index.php?rest_route=%2Fwp%2Fv2%2Fmedia&parent=72735"}],"wp:term":[{"taxonomy":"category","embeddable":true,"href":"https:\/\/zonaroja.com.mx\/index.php?rest_route=%2Fwp%2Fv2%2Fcategories&post=72735"},{"taxonomy":"post_tag","embeddable":true,"href":"https:\/\/zonaroja.com.mx\/index.php?rest_route=%2Fwp%2Fv2%2Ftags&post=72735"}],"curies":[{"name":"wp","href":"https:\/\/api.w.org\/{rel}","templated":true}]}}