{"id":72738,"date":"2024-09-24T10:00:00","date_gmt":"2024-09-24T16:00:00","guid":{"rendered":"https:\/\/zonaroja.com.mx\/?p=72738"},"modified":"2024-09-24T08:27:15","modified_gmt":"2024-09-24T14:27:15","slug":"ordena-juez-a-amlo-eliminar-publicacion-de-la-reforma-al-poder-judicial","status":"publish","type":"post","link":"https:\/\/zonaroja.com.mx\/?p=72738","title":{"rendered":"Ordena juez a AMLO eliminar publicaci\u00f3n de la reforma al Poder Judicial"},"content":{"rendered":"\n<p>Redacci\u00f3n\/Zona Roja Cdmx.<\/p>\n\n\n\n<p>Ciudad de M\u00e9xico, a 24 de septiembre de 2024.- Una juez federal orden\u00f3 al presidente Andr\u00e9s Manuel L\u00f3pez Obrador y al director del Diario Oficial de la Federaci\u00f3n (DOF), eliminen la publicaci\u00f3n del decreto de la reforma judicial del pasado 15 de septiembre, mediante el cual se reforman, derogan y adicionan diversas disposiciones de la Constituci\u00f3n mexicana en la materia.<\/p>\n\n\n\n<p>Nancy Ju\u00e1rez Salas, titular del Juzgado D\u00e9cimo Noveno de Distrito en el Estado de Veracruz concedi\u00f3 una suspensi\u00f3n definitiva a una trabajadora del Poder Judicial. En su fallo resolvi\u00f3 que si se permite que el orden p\u00fablico e inter\u00e9s social se privilegie de forma arbitraria sobre los derechos humanos se violar\u00eda el art\u00edculo primero constitucional.<\/p>\n\n\n\n<p>\u201cResulta procedente conceder la suspensi\u00f3n definitiva con efectos restitutorios, para que las autoridades responsables, presidente de los Estados Unidos Mexicanos y director del Diario Oficial de la Federaci\u00f3n, en el \u00e1mbito de sus respectivas consecuencias, eliminen la publicaci\u00f3n realizada\u201d se\u00f1ala el fallo de la juzgadora.<\/p>\n\n\n\n<p>Apunt\u00f3 que de no concederse la medida cautelar se le privar\u00eda, a la promovente, de los principios que rigen la independencia judicial y la impartici\u00f3n de justicia, \u201ccomo son la imparcialidad, objetividad, profesionalismo, as\u00ed como la divisi\u00f3n de poderes por el tiempo que dure el juicio de amparo\u201d.<\/p>\n\n\n\n<p>\u201cAtendiendo a la urgencia del asunto, dado que se invoca violaci\u00f3n a los Derechos Humanos de las quejosas, con apoyo del articulo 298 del C\u00f3digo Federal de Procedimientos Civiles, de aplicaci\u00f3n a la Ley de Amparo, g\u00edrese atento exhorto al Juzgado D\u00e9cimo Tercero de Distrito en Materia Administrativa en la Ciudad de M\u00e9xico, para que en auxilio de las labores de este \u00f3rgano de control constitucional, ordene a quien corresponda, notifique los oficios 17879\/2024 y 17880\/2024, y haga entrega de esta resoluci\u00f3n a las autoridades responsables\u201d.<\/p>\n\n\n\n<p>(Informaci\u00f3n de \u201cLa Jornada\u201d)<\/p>\n","protected":false},"excerpt":{"rendered":"<p>Redacci\u00f3n\/Zona Roja Cdmx. Ciudad de M\u00e9xico, a 24 de septiembre de 2024.- Una juez federal&hellip;<\/p>\n","protected":false},"author":2,"featured_media":72739,"comment_status":"closed","ping_status":"open","sticky":false,"template":"","format":"standard","meta":{"_lmt_disableupdate":"","_lmt_disable":"","_jetpack_memberships_contains_paid_content":false,"footnotes":""},"categories":[109,47],"tags":[4027],"class_list":["post-72738","post","type-post","status-publish","format-standard","has-post-thumbnail","hentry","category-minuto-a-minuto","category-zona-gris","tag-reforma-al-poder-judicial"],"jetpack_featured_media_url":"https:\/\/zonaroja.com.mx\/wp-content\/uploads\/2024\/09\/Diario-Oficial-de-la-Federacion.jpeg","jetpack_sharing_enabled":true,"_links":{"self":[{"href":"https:\/\/zonaroja.com.mx\/index.php?rest_route=\/wp\/v2\/posts\/72738","targetHints":{"allow":["GET"]}}],"collection":[{"href":"https:\/\/zonaroja.com.mx\/index.php?rest_route=\/wp\/v2\/posts"}],"about":[{"href":"https:\/\/zonaroja.com.mx\/index.php?rest_route=\/wp\/v2\/types\/post"}],"author":[{"embeddable":true,"href":"https:\/\/zonaroja.com.mx\/index.php?rest_route=\/wp\/v2\/users\/2"}],"replies":[{"embeddable":true,"href":"https:\/\/zonaroja.com.mx\/index.php?rest_route=%2Fwp%2Fv2%2Fcomments&post=72738"}],"version-history":[{"count":1,"href":"https:\/\/zonaroja.com.mx\/index.php?rest_route=\/wp\/v2\/posts\/72738\/revisions"}],"predecessor-version":[{"id":72740,"href":"https:\/\/zonaroja.com.mx\/index.php?rest_route=\/wp\/v2\/posts\/72738\/revisions\/72740"}],"wp:featuredmedia":[{"embeddable":true,"href":"https:\/\/zonaroja.com.mx\/index.php?rest_route=\/wp\/v2\/media\/72739"}],"wp:attachment":[{"href":"https:\/\/zonaroja.com.mx\/index.php?rest_route=%2Fwp%2Fv2%2Fmedia&parent=72738"}],"wp:term":[{"taxonomy":"category","embeddable":true,"href":"https:\/\/zonaroja.com.mx\/index.php?rest_route=%2Fwp%2Fv2%2Fcategories&post=72738"},{"taxonomy":"post_tag","embeddable":true,"href":"https:\/\/zonaroja.com.mx\/index.php?rest_route=%2Fwp%2Fv2%2Ftags&post=72738"}],"curies":[{"name":"wp","href":"https:\/\/api.w.org\/{rel}","templated":true}]}}