{"id":72744,"date":"2024-09-24T13:52:00","date_gmt":"2024-09-24T19:52:00","guid":{"rendered":"https:\/\/zonaroja.com.mx\/?p=72744"},"modified":"2024-09-24T08:53:02","modified_gmt":"2024-09-24T14:53:02","slug":"opinion-un-paso-atras","status":"publish","type":"post","link":"https:\/\/zonaroja.com.mx\/?p=72744","title":{"rendered":"Opini\u00f3n. Un paso atr\u00e1s\u2026"},"content":{"rendered":"\n<p>Isidoro Yescas*<\/p>\n\n\n\n<p>Usaron todos los medios a su alcance, leg\u00edtimos e ileg\u00edtimos,&nbsp;para primero arrinconar y luego confrontar al candidato postulado por Morena. Y con toda la maquinaria oficial a su&nbsp;disposici\u00f3n, sumado&nbsp;a los propios tropiezos de sus adversarios,&nbsp;lograron darle la vuelta a&nbsp;la elecci\u00f3n para, finalmente, alzarse con el triunfo.&nbsp;<\/p>\n\n\n\n<p>La&nbsp;cantada&nbsp;resoluci\u00f3n del TEEO fue solamente&nbsp;el colof\u00f3n&nbsp;de un&nbsp;mapa de ruta trazado&nbsp;desde antes de la campa\u00f1a electoral, cuando&nbsp;el PVEM se convirti\u00f3 en parte del Plan B&nbsp;y C&nbsp;primaveral para jugarle las contras a la opci\u00f3n reeleccionista.<\/p>\n\n\n\n<p>Paso a paso las puertas se fueron cerrando\u2026y tambi\u00e9n los sue\u00f1os: en la interna de Morena se convirti\u00f3 en el aspirante a vencer\u2026y por poco lo consiguen. Ya superada la primera prueba, la siguiente fue&nbsp;encapsularlo&nbsp;con&nbsp;una planilla a&nbsp;imagen y semejanza&nbsp;de los intereses de sus adversarios\u2026.&nbsp;&nbsp;de su mismo partido.<\/p>\n\n\n\n<p>Fue&nbsp;el&nbsp;Plan&nbsp;B&nbsp;que a media campa\u00f1a deriv\u00f3 en el Plan C: ganar la elecci\u00f3n.<\/p>\n\n\n\n<p>Esto \u00faltimo fue posible, como lo escrib\u00ed en su oportunidad, por la convergencia de varios factores:&nbsp;desde&nbsp;una&nbsp;bien articulada&nbsp;estrategia electoral, una ostentosa campa\u00f1a publicitaria y medi\u00e1tica&nbsp;y&nbsp;una&nbsp;intensa&nbsp;guerra sucia&nbsp;en contra del candidato morenista,&nbsp;por el lado oposicionista;&nbsp;hasta una incorrecta valoraci\u00f3n de la fuerza y capacidad&nbsp;de movilizaci\u00f3n y cooptaci\u00f3n del frente opositor (no se&nbsp;contendi\u00f3&nbsp;contra un partido sino contra&nbsp;todo el aparato estatal primaveral)&nbsp;, una campa\u00f1a austera y&nbsp;un equipo&nbsp;pol\u00edtico&nbsp;con l\u00edneas de mando bifurcadas, que, adem\u00e1s, no&nbsp;result\u00f3 tan s\u00f3lido y eficaz&nbsp;para contrarrestar la&nbsp;guerra sucia&nbsp;ni para&nbsp;refrendar&nbsp;la confianza y&nbsp;el voto ciudadano conquistado tres a\u00f1os antes.&nbsp;( \u201cCdOax: una disputa entre dos\u201d y \u201cUn d\u00eda despu\u00e9s\u201d, en \u201cNoticias\u201d, abril 29 y mayo 27 del 2024).<\/p>\n\n\n\n<p>Hoy, a m\u00e1s de tres meses de la elecci\u00f3n, y a d\u00edas que formalmente se abra el proceso legal de entrega-recepci\u00f3n, el TEEO&nbsp;resolvi\u00f3 como&nbsp;\u201cinfundados&nbsp;los agravios expresados por Morena y Francisco Mart\u00ednez Neri respecto al supuesto rebase del tope de gastos de campa\u00f1a y la inelegibilidad de ( Raymundo) Chagoya Villanueva as\u00ed como las&nbsp;causales de nulidad hechas valer en 104 casillas impugnadas\u201d ( bolet\u00edn TEEO, septiembre 13 del 2024).<\/p>\n\n\n\n<p>En respuesta, Mart\u00ednez Neri manifest\u00f3 cinco d\u00edas despu\u00e9s, a trav\u00e9s de un comunicado, que \u201ca\u00fan cuando consideramos que existieron m\u00faltiples irregularidades y no se comparten los razonamientos de la sentencia, con una actitud y vocaci\u00f3n&nbsp;democr\u00e1tica&nbsp;anunciamos que no continuaremos con la cadena impugnativa\u201d (\u201cPosicionamiento respeto a la sentencia del Tribunal Electoral de Oaxaca\u201d, septiembre 18 del 2024).<\/p>\n\n\n\n<p>Se cerr\u00f3&nbsp;as\u00ed el ciclo legal de la impugnaci\u00f3n, dejando el camino libre para que las fuerzas pol\u00edticas de la 4T que impulsaron la candidatura&nbsp;de Raymundo Chagoya&nbsp;abran un espacio de di\u00e1logo con&nbsp;el presidente FMN&nbsp;no solamente para efectos administrativos,&nbsp;sino para que cese la guerra de baja intensidad que a\u00fan se mantiene en su contra y cobre sentido el llamado para asegurar&nbsp;\u201cuna transici\u00f3n ordenada, pensando siempre en la paz social, el progreso y el bienestar de la ciudadan\u00eda.\u201d<\/p>\n\n\n\n<p>Valorados&nbsp;en su justa dimensi\u00f3n lo que ocurri\u00f3 antes, durante y despu\u00e9s de la campa\u00f1a electoral municipal, FMN solamente ten\u00eda dos salidas: continuar con la cadena impugnativa con todos los riesgos pol\u00edticos que&nbsp;implicaba&nbsp;este&nbsp;desaf\u00edo&nbsp;al nuevo&nbsp;statu quo, o allanarse a un arreglo pol\u00edtico poniendo por delante el bien com\u00fan.<\/p>\n\n\n\n<p>Ya con las cartas sobre la mesa, muchos se&nbsp;preguntan&nbsp;ahora&nbsp;sobre su futuro pol\u00edtico, pues&nbsp;no&nbsp;se le ve&nbsp;todav\u00eda&nbsp;escribiendo sus memorias, y s\u00ed, luchando contra &nbsp;la adversidad y los malos aires primaverales &nbsp;para volver a tomar impulso y recuperar el terreno perdido. &nbsp;<\/p>\n\n\n\n<p>Y no habr\u00e1 que esperar mucho para conocer la respuesta.&nbsp;<\/p>\n\n\n\n<p>*Maestro en Sociolog\u00eda.<\/p>\n\n\n\n<p>X:@YescasIsidoro<\/p>\n","protected":false},"excerpt":{"rendered":"<p>Isidoro Yescas* Usaron todos los medios a su alcance, leg\u00edtimos e ileg\u00edtimos,&nbsp;para primero arrinconar y&hellip;<\/p>\n","protected":false},"author":2,"featured_media":71623,"comment_status":"closed","ping_status":"open","sticky":false,"template":"","format":"standard","meta":{"_lmt_disableupdate":"","_lmt_disable":"","_jetpack_memberships_contains_paid_content":false,"footnotes":""},"categories":[456,109],"tags":[3998],"class_list":["post-72744","post","type-post","status-publish","format-standard","has-post-thumbnail","hentry","category-columna","category-minuto-a-minuto","tag-isidoro-yescas-martinez"],"jetpack_featured_media_url":"https:\/\/zonaroja.com.mx\/wp-content\/uploads\/2024\/08\/Opinion.-Isidoro-Yescas.jpg","jetpack_sharing_enabled":true,"_links":{"self":[{"href":"https:\/\/zonaroja.com.mx\/index.php?rest_route=\/wp\/v2\/posts\/72744","targetHints":{"allow":["GET"]}}],"collection":[{"href":"https:\/\/zonaroja.com.mx\/index.php?rest_route=\/wp\/v2\/posts"}],"about":[{"href":"https:\/\/zonaroja.com.mx\/index.php?rest_route=\/wp\/v2\/types\/post"}],"author":[{"embeddable":true,"href":"https:\/\/zonaroja.com.mx\/index.php?rest_route=\/wp\/v2\/users\/2"}],"replies":[{"embeddable":true,"href":"https:\/\/zonaroja.com.mx\/index.php?rest_route=%2Fwp%2Fv2%2Fcomments&post=72744"}],"version-history":[{"count":1,"href":"https:\/\/zonaroja.com.mx\/index.php?rest_route=\/wp\/v2\/posts\/72744\/revisions"}],"predecessor-version":[{"id":72745,"href":"https:\/\/zonaroja.com.mx\/index.php?rest_route=\/wp\/v2\/posts\/72744\/revisions\/72745"}],"wp:featuredmedia":[{"embeddable":true,"href":"https:\/\/zonaroja.com.mx\/index.php?rest_route=\/wp\/v2\/media\/71623"}],"wp:attachment":[{"href":"https:\/\/zonaroja.com.mx\/index.php?rest_route=%2Fwp%2Fv2%2Fmedia&parent=72744"}],"wp:term":[{"taxonomy":"category","embeddable":true,"href":"https:\/\/zonaroja.com.mx\/index.php?rest_route=%2Fwp%2Fv2%2Fcategories&post=72744"},{"taxonomy":"post_tag","embeddable":true,"href":"https:\/\/zonaroja.com.mx\/index.php?rest_route=%2Fwp%2Fv2%2Ftags&post=72744"}],"curies":[{"name":"wp","href":"https:\/\/api.w.org\/{rel}","templated":true}]}}