{"id":72746,"date":"2024-09-24T10:53:00","date_gmt":"2024-09-24T16:53:00","guid":{"rendered":"https:\/\/zonaroja.com.mx\/?p=72746"},"modified":"2024-09-24T09:02:06","modified_gmt":"2024-09-24T15:02:06","slug":"denuncian-incumplimiento-del-estado-mexicano-con-guerrero-atatlahuca","status":"publish","type":"post","link":"https:\/\/zonaroja.com.mx\/?p=72746","title":{"rendered":"Denuncian incumplimiento del Estado mexicano con Guerrero, Atatlahuca"},"content":{"rendered":"\n<p>Raymundo Morales\/Zona Roja.<\/p>\n\n\n\n<p>Oaxaca de Ju\u00e1rez, Oax., a 24 de septiembre de 2024.- Un grupo de unas 100 personas encabezadas por el presidente municipal de San Esteban Atatlahuca, Jos\u00e9 \u00c1ngel Garc\u00eda Sandoval, a bordo de unas 10 camionetas, ingresaron a la comunidad&nbsp;de Guerrero Grande, sin previo aviso de manera autoritaria y con personas armadas dispersas que rodearon la comunidad, \u201cprovocando un clima de zozobra y miedo a las personas beneficiarias de medidas cautelares\u201d.<\/p>\n\n\n\n<p>As\u00ed lo denunciaron Sebastiana Paz Bautista, representante de las personas desplazadas y de los beneficiarios de las Medidas Cautelares otorgadas por la CIDH, as\u00ed como Maurilio Santiago Reyes, presidente del Centro de Derechos Humanos y Asesor\u00eda a Pueblos Ind\u00edgenas A. C.<\/p>\n\n\n\n<p>En un comunicado, expusieron que los invasores les aseguraron que cuentan con el apoyo del Gobierno del Estado de Oaxaca y de la Secretaria de Gobernacion federal, \u201cingresando al techado del auditorio del pueblo sin el consentimiento del agente municipal quien fue electo por toda la comunidad, tampoco de los vecinos de la comunidad&nbsp;de Guerrero Grande\u201d.<\/p>\n\n\n\n<p>Agregaron que como acto de intimidaci\u00f3n, mientas las autoridades del municipio de San Esteban Atatlahuca ingresaban, se escucharon detonaciones de disparos de arma de fuego alrededor y en lugares cercanos a la comunidad de Guerrero Grande.<\/p>\n\n\n\n<p>Casi a las cuatro de la tarde, las autoridades municipales y agrarias de San Esteban Atatlahuca se retiraron de la comunidad, \u201csin antes amenazar e intimar a los habitantes de Guerrero Grande, y a pesar de que se retiraron se siguen escuchando detonaciones de arma de fuego y se ven personas armadas\u201d.<\/p>\n\n\n\n<p>Resaltaron que las que autoridades municipales de San Esteban Atatlahuca cuentan con el apoyo de la organizaci\u00f3n MULT (Movimiento de Unificaci\u00f3n y Lucha Triqui).<\/p>\n\n\n\n<p>Recordaron que los d\u00edas&nbsp; 21, 22 y 23 de octubre de 2021, un grupo armado encabezado por autoridades municipales de Atatlahuca quemaron m\u00e1s de cien casas en las comunidades de Guerrero Grande y Ndoyonoyuji, mismo que constan en la Carpeta de Investigaci\u00f3n 35033\/FMIX\/TLAXIACO\/2021.<\/p>\n\n\n\n<p>En consecuencia, a los ataques armados anteriores, el d\u00eda 23 de diciembre del 2021, la Comisi\u00f3n Interamericana de Derechos Humanos emiti\u00f3 medidas cautelares MC-1050-21 Familias de las comunidades ind\u00edgenas mixtecas de Guerrero Grande y de Ndoyonoyuji y otros, para proteger los derechos a la vida e integridad f\u00edsica de las familias ind\u00edgenas de las comunidades antes mencionadas.<\/p>\n","protected":false},"excerpt":{"rendered":"<p>Raymundo Morales\/Zona Roja. Oaxaca de Ju\u00e1rez, Oax., a 24 de septiembre de 2024.- Un grupo&hellip;<\/p>\n","protected":false},"author":2,"featured_media":72747,"comment_status":"closed","ping_status":"open","sticky":false,"template":"","format":"standard","meta":{"_lmt_disableupdate":"","_lmt_disable":"","_jetpack_memberships_contains_paid_content":false,"footnotes":""},"categories":[109,47],"tags":[1025],"class_list":["post-72746","post","type-post","status-publish","format-standard","has-post-thumbnail","hentry","category-minuto-a-minuto","category-zona-gris","tag-san-esteban-atatlahuca"],"jetpack_featured_media_url":"https:\/\/zonaroja.com.mx\/wp-content\/uploads\/2024\/09\/Invasion-Atatlahuca.jpeg","jetpack_sharing_enabled":true,"_links":{"self":[{"href":"https:\/\/zonaroja.com.mx\/index.php?rest_route=\/wp\/v2\/posts\/72746","targetHints":{"allow":["GET"]}}],"collection":[{"href":"https:\/\/zonaroja.com.mx\/index.php?rest_route=\/wp\/v2\/posts"}],"about":[{"href":"https:\/\/zonaroja.com.mx\/index.php?rest_route=\/wp\/v2\/types\/post"}],"author":[{"embeddable":true,"href":"https:\/\/zonaroja.com.mx\/index.php?rest_route=\/wp\/v2\/users\/2"}],"replies":[{"embeddable":true,"href":"https:\/\/zonaroja.com.mx\/index.php?rest_route=%2Fwp%2Fv2%2Fcomments&post=72746"}],"version-history":[{"count":1,"href":"https:\/\/zonaroja.com.mx\/index.php?rest_route=\/wp\/v2\/posts\/72746\/revisions"}],"predecessor-version":[{"id":72748,"href":"https:\/\/zonaroja.com.mx\/index.php?rest_route=\/wp\/v2\/posts\/72746\/revisions\/72748"}],"wp:featuredmedia":[{"embeddable":true,"href":"https:\/\/zonaroja.com.mx\/index.php?rest_route=\/wp\/v2\/media\/72747"}],"wp:attachment":[{"href":"https:\/\/zonaroja.com.mx\/index.php?rest_route=%2Fwp%2Fv2%2Fmedia&parent=72746"}],"wp:term":[{"taxonomy":"category","embeddable":true,"href":"https:\/\/zonaroja.com.mx\/index.php?rest_route=%2Fwp%2Fv2%2Fcategories&post=72746"},{"taxonomy":"post_tag","embeddable":true,"href":"https:\/\/zonaroja.com.mx\/index.php?rest_route=%2Fwp%2Fv2%2Ftags&post=72746"}],"curies":[{"name":"wp","href":"https:\/\/api.w.org\/{rel}","templated":true}]}}