{"id":72749,"date":"2024-09-24T12:06:00","date_gmt":"2024-09-24T18:06:00","guid":{"rendered":"https:\/\/zonaroja.com.mx\/?p=72749"},"modified":"2024-09-24T09:08:47","modified_gmt":"2024-09-24T15:08:47","slug":"castigaran-con-prision-retencion-de-pacientes-y-cuerpos-de-fallecidos-por-adeudos","status":"publish","type":"post","link":"https:\/\/zonaroja.com.mx\/?p=72749","title":{"rendered":"Castigar\u00e1n con prisi\u00f3n retenci\u00f3n de pacientes y cuerpos de fallecidos, por adeudos"},"content":{"rendered":"\n<p>Redacci\u00f3n\/Zona Roja.<\/p>\n\n\n\n<p>Oaxaca de Ju\u00e1rez, Oax., a 24 de septiembre de 2024.- Con 28 votos a favor, el pleno de la 65 Legislatura local aprob\u00f3 la reforma al C\u00f3digo Penal de Oaxaca, para considerar como delito la retenci\u00f3n de pacientes y de cad\u00e1veres por adeudos, y castigarse con prisi\u00f3n a quien lo cometa.<\/p>\n\n\n\n<p>Esta modificaci\u00f3n consisti\u00f3 en agregar el Cap\u00edtulo III y el art\u00edculo 225 Bis al T\u00edtulo Noveno denominado \u201cResponsabilidad profesional\u201d a la norma jur\u00eddica de Oaxaca, en el cual qued\u00f3 establecida la sanci\u00f3n penal, econ\u00f3mica y administrativa a la persona responsable. &nbsp;<\/p>\n\n\n\n<p>Con la reforma, se impondr\u00e1n sanciones a quien, dentro de cualquier lugar donde se preste atenci\u00f3n m\u00e9dica o instituciones de salud, impida la salida de un paciente, aduciendo adeudos de cualquier \u00edndole, impida la entrega de un reci\u00e9n nacido o retarden o nieguen la entrega de un cad\u00e1ver, excepto cuando se requiera orden de autoridad competente.<\/p>\n\n\n\n<p>La sanci\u00f3n a imponer a directores, encargados, administradores o empleados de la instituci\u00f3n de salud que incurran en este delito, comprende de tres meses a dos a\u00f1os de prisi\u00f3n, as\u00ed como una multa de hasta 100 veces el valor diario de la Unidad de Medida y Actualizaci\u00f3n, adem\u00e1s de la suspensi\u00f3n de tres meses a un a\u00f1o para ejercer la profesi\u00f3n.<\/p>\n\n\n\n<p>Esta pena tambi\u00e9n se le impondr\u00e1 a directores, encargados o administradores de agencias funerarias que retarden o nieguen indebidamente la entrega de un cad\u00e1ver.&nbsp;<\/p>\n\n\n\n<p>De acuerdo con la exposici\u00f3n de motivos de la iniciativa, esta reforma surgi\u00f3 de la necesidad de resguardar los derechos de las personas usuarias de instituciones m\u00e9dicas, y de sancionar la mala pr\u00e1ctica m\u00e9dica.<\/p>\n\n\n\n<p>\u201cResulta inadmisible recibir este tipo de atenci\u00f3n cuando las personas llegan a los centros de salud ya que, se entiende que solicitan el acceso al servicio porque se encuentran en un estado de vulnerabilidad y deterioro f\u00edsico o psicol\u00f3gico por lo que, al negarles ese derecho o aprovech\u00e1ndose de su estado retengan pacientes o cad\u00e1veres por la raz\u00f3n de tener adeudos, perjudican y lesionan mucho m\u00e1s su esfera personal\u201d, se\u00f1al\u00f3.<\/p>\n\n\n\n<p>Este decreto entrar\u00e1 en vigor al d\u00eda siguiente de su publicaci\u00f3n en el Peri\u00f3dico Oficial del Estado de Oaxaca.<\/p>\n","protected":false},"excerpt":{"rendered":"<p>Redacci\u00f3n\/Zona Roja. Oaxaca de Ju\u00e1rez, Oax., a 24 de septiembre de 2024.- Con 28 votos&hellip;<\/p>\n","protected":false},"author":2,"featured_media":72750,"comment_status":"closed","ping_status":"open","sticky":false,"template":"","format":"standard","meta":{"_lmt_disableupdate":"","_lmt_disable":"","_jetpack_memberships_contains_paid_content":false,"footnotes":""},"categories":[109,46],"tags":[2743],"class_list":["post-72749","post","type-post","status-publish","format-standard","has-post-thumbnail","hentry","category-minuto-a-minuto","category-zona-blanca","tag-65-legislatura-del-estado-de-oaxaca"],"jetpack_featured_media_url":"https:\/\/zonaroja.com.mx\/wp-content\/uploads\/2024\/09\/Retener-a-pacientes-y-cuerpos-de-fallecidos-por-adeudos-se-castigara-con-prision.jpeg","jetpack_sharing_enabled":true,"_links":{"self":[{"href":"https:\/\/zonaroja.com.mx\/index.php?rest_route=\/wp\/v2\/posts\/72749","targetHints":{"allow":["GET"]}}],"collection":[{"href":"https:\/\/zonaroja.com.mx\/index.php?rest_route=\/wp\/v2\/posts"}],"about":[{"href":"https:\/\/zonaroja.com.mx\/index.php?rest_route=\/wp\/v2\/types\/post"}],"author":[{"embeddable":true,"href":"https:\/\/zonaroja.com.mx\/index.php?rest_route=\/wp\/v2\/users\/2"}],"replies":[{"embeddable":true,"href":"https:\/\/zonaroja.com.mx\/index.php?rest_route=%2Fwp%2Fv2%2Fcomments&post=72749"}],"version-history":[{"count":1,"href":"https:\/\/zonaroja.com.mx\/index.php?rest_route=\/wp\/v2\/posts\/72749\/revisions"}],"predecessor-version":[{"id":72751,"href":"https:\/\/zonaroja.com.mx\/index.php?rest_route=\/wp\/v2\/posts\/72749\/revisions\/72751"}],"wp:featuredmedia":[{"embeddable":true,"href":"https:\/\/zonaroja.com.mx\/index.php?rest_route=\/wp\/v2\/media\/72750"}],"wp:attachment":[{"href":"https:\/\/zonaroja.com.mx\/index.php?rest_route=%2Fwp%2Fv2%2Fmedia&parent=72749"}],"wp:term":[{"taxonomy":"category","embeddable":true,"href":"https:\/\/zonaroja.com.mx\/index.php?rest_route=%2Fwp%2Fv2%2Fcategories&post=72749"},{"taxonomy":"post_tag","embeddable":true,"href":"https:\/\/zonaroja.com.mx\/index.php?rest_route=%2Fwp%2Fv2%2Ftags&post=72749"}],"curies":[{"name":"wp","href":"https:\/\/api.w.org\/{rel}","templated":true}]}}