{"id":72758,"date":"2024-09-24T19:01:42","date_gmt":"2024-09-25T01:01:42","guid":{"rendered":"https:\/\/zonaroja.com.mx\/?p=72758"},"modified":"2024-09-24T19:01:43","modified_gmt":"2024-09-25T01:01:43","slug":"familiares-piden-justicia-tambien-para-policias-de-santa-lucia-del-camino","status":"publish","type":"post","link":"https:\/\/zonaroja.com.mx\/?p=72758","title":{"rendered":"Familiares piden justicia tambi\u00e9n para polic\u00edas de Santa Luc\u00eda del Camino"},"content":{"rendered":"\n<p>Ismael Garc\u00eda M.\/Zona Roja.<\/p>\n\n\n\n<p>Oaxaca de Ju\u00e1rez, Oax., a 24 de septiembre de 2024.- Familiares de dos polic\u00edas de Santa Luc\u00eda del Camino que supuestamente participaron en el homicidio del estudiante Diego I. P., demandaron justicia para ellos y aseguraron que no est\u00e1n involucrados en los hechos que les imputa la Fiscal\u00eda General del Estado de Oaxaca.<\/p>\n\n\n\n<p>La esposa de uno de los uniformados ley\u00f3 un escrito por parte de los polic\u00edas Cirino S. V. y Alfredo L. D., para demandar una audiencia respecto a los hechos sucedidos en un operativo de alcohol\u00edmetro el pasado 31 de agosto.<\/p>\n\n\n\n<p>\u201cEn el caso de Cirino, se encontraba cumpliendo con sus labores como servidor p\u00fablico en bien de la sociedad, cuando fue atropellado y arrollado por el veh\u00edculo conducido por Diego I. P., resultando con m\u00faltiples lesiones que pusieron en peligro en su vida.<\/p>\n\n\n\n<p>\u201cPor lo que respecta a Alfredo L. D., al enterarse de que hab\u00edan atropellado a su compa\u00f1ero, se dio a la persecuci\u00f3n del veh\u00edculo; al ir en busca de ello, Christopher, \u00e9ste se subi\u00f3 al techo y ambos cayeron\u201d, lo que dej\u00f3 tambi\u00e9n severas lesiones al uniformado.<\/p>\n\n\n\n<p>\u201cDesafortunadamente para nuestros familiares no existen garant\u00edas toda vez que hemos visto que se ha politizado el problema de este joven, que seg\u00fan sabemos se encontraba en estado de ebriedad y bajo el influjo de alguna droga y en consecuencia pedimos que se nos haga justicia\u201d, expuso.<\/p>\n\n\n\n<p>Durante una conferencia de prensa en el centro de la ciudad de Oaxaca, detall\u00f3 que los familiares dependen \u00fanicamente del sueldo de los polic\u00edas por lo cual no tienen recursos para subsistir.<\/p>\n\n\n\n<p>\u201cEl mismo fiscal, el licenciado Jos\u00e9 Bernardo Rodr\u00edguez Alamilla ha salido a declarar a los medios que estos j\u00f3venes no se encontraban en estado de ebriedad y menos drogados; sin embargo debemos contar con la opini\u00f3n de las instituciones que dieron seguimiento\u201d, agreg\u00f3.<\/p>\n\n\n\n<p>A\u00f1adi\u00f3 que lamentan lamentan profundamente el fallecimiento pero tambi\u00e9n es necesario que se haga justicia \u201cy no que por el hecho de ser pobres se nos quiera tomar como chivos expiatorios; nuestros familiares ni siquiera se encontraban en el lugar donde este joven falleci\u00f3.<\/p>\n\n\n\n<p>\u201cFiscal del estado, licenciado Jos\u00e9 Rodr\u00edguez Alamilla, solicitamos audiencia e intervenci\u00f3n; no niegue la justicia a los pobres\u201d, agreg\u00f3.<\/p>\n\n\n\n<p>Por su parte, Rosendo Ram\u00edrez S\u00e1nchez, abogado de los polic\u00edas inculpados, expuso que se tiene que integrar debidamente la carpeta de investigaci\u00f3n; el problema es que en el caso de los inculpados no hay avances.<\/p>\n\n\n\n<p>\u201cEn ning\u00fan momento estuvieron en el lugar del fallecimiento del joven, entonces se tiene que trabajar en la carpeta y queremos una audiencia con el fiscal, con la finalidad de coadyuvar, para que las cosas lleguen a buen t\u00e9rmino y que se aplique la justicia como debe ser\u201d.<\/p>\n\n\n\n<p>Expuso que son dos casos distintos, uno el de los polic\u00edas que estuvieron en el lugar de los hechos en que muri\u00f3 el estudiante; el otro, el de los polic\u00edas heridos que no estuvieron en el lugar del homicidio.<\/p>\n\n\n\n<figure class=\"wp-block-embed is-type-rich is-provider-twitter wp-block-embed-twitter\"><div class=\"wp-block-embed__wrapper\">\n<div class=\"twitter-tweet\"><blockquote class=\"twitter-tweet\" data-lang=\"es\"><p lang=\"es\" dir=\"ltr\">El abogado de los polic\u00edas municipales de Santa Luc\u00eda del Camino, Rosendo Ram\u00edrez, expuso que la <a href=\"https:\/\/twitter.com\/FISCALIA_GobOax?ref_src=twsrc%5Etfw\">@FISCALIA_GobOax<\/a> deber\u00e1 integrar debidamente las carpetas de investigaci\u00f3n donde se acusa a los uniformados de matar al joven Diego I. P.<br>Pidi\u00f3 una audiencia al fiscal <a href=\"https:\/\/twitter.com\/FiscalOaxaca?ref_src=twsrc%5Etfw\">@FiscalOaxaca<\/a>\u2026 <a href=\"https:\/\/t.co\/qYS4juziiw\">pic.twitter.com\/qYS4juziiw<\/a><\/p>&mdash; Zona Roja Oaxaca (@ZonaRoja_Oaxaca) <a href=\"https:\/\/twitter.com\/ZonaRoja_Oaxaca\/status\/1838667491951702159?ref_src=twsrc%5Etfw\">24 de septiembre de 2024<\/a><\/blockquote><\/div>\n<\/div><\/figure>\n","protected":false},"excerpt":{"rendered":"<p>Ismael Garc\u00eda M.\/Zona Roja. Oaxaca de Ju\u00e1rez, Oax., a 24 de septiembre de 2024.- Familiares&hellip;<\/p>\n","protected":false},"author":2,"featured_media":72759,"comment_status":"closed","ping_status":"open","sticky":false,"template":"","format":"standard","meta":{"_lmt_disableupdate":"","_lmt_disable":"","_jetpack_memberships_contains_paid_content":false,"footnotes":""},"categories":[1],"tags":[],"class_list":["post-72758","post","type-post","status-publish","format-standard","has-post-thumbnail","hentry","category-sin-categoria"],"jetpack_featured_media_url":"https:\/\/zonaroja.com.mx\/wp-content\/uploads\/2024\/09\/Familiares-de-policias-Santa-Lucia-del-Camino.jpg","jetpack_sharing_enabled":true,"_links":{"self":[{"href":"https:\/\/zonaroja.com.mx\/index.php?rest_route=\/wp\/v2\/posts\/72758","targetHints":{"allow":["GET"]}}],"collection":[{"href":"https:\/\/zonaroja.com.mx\/index.php?rest_route=\/wp\/v2\/posts"}],"about":[{"href":"https:\/\/zonaroja.com.mx\/index.php?rest_route=\/wp\/v2\/types\/post"}],"author":[{"embeddable":true,"href":"https:\/\/zonaroja.com.mx\/index.php?rest_route=\/wp\/v2\/users\/2"}],"replies":[{"embeddable":true,"href":"https:\/\/zonaroja.com.mx\/index.php?rest_route=%2Fwp%2Fv2%2Fcomments&post=72758"}],"version-history":[{"count":1,"href":"https:\/\/zonaroja.com.mx\/index.php?rest_route=\/wp\/v2\/posts\/72758\/revisions"}],"predecessor-version":[{"id":72760,"href":"https:\/\/zonaroja.com.mx\/index.php?rest_route=\/wp\/v2\/posts\/72758\/revisions\/72760"}],"wp:featuredmedia":[{"embeddable":true,"href":"https:\/\/zonaroja.com.mx\/index.php?rest_route=\/wp\/v2\/media\/72759"}],"wp:attachment":[{"href":"https:\/\/zonaroja.com.mx\/index.php?rest_route=%2Fwp%2Fv2%2Fmedia&parent=72758"}],"wp:term":[{"taxonomy":"category","embeddable":true,"href":"https:\/\/zonaroja.com.mx\/index.php?rest_route=%2Fwp%2Fv2%2Fcategories&post=72758"},{"taxonomy":"post_tag","embeddable":true,"href":"https:\/\/zonaroja.com.mx\/index.php?rest_route=%2Fwp%2Fv2%2Ftags&post=72758"}],"curies":[{"name":"wp","href":"https:\/\/api.w.org\/{rel}","templated":true}]}}