{"id":72770,"date":"2024-09-25T06:53:20","date_gmt":"2024-09-25T12:53:20","guid":{"rendered":"https:\/\/zonaroja.com.mx\/?p=72770"},"modified":"2024-09-25T06:53:22","modified_gmt":"2024-09-25T12:53:22","slug":"saldo-de-john-comunidades-anegadas-e-incomunicadas-un-desaparecido","status":"publish","type":"post","link":"https:\/\/zonaroja.com.mx\/?p=72770","title":{"rendered":"Saldo de \u201cJohn\u201d: comunidades anegadas e incomunicadas, un desaparecido"},"content":{"rendered":"\n<p>Raymundo Morales\/Zona Roja.<\/p>\n\n\n\n<p>Oaxaca de Ju\u00e1rez, Oax., a 25 de septiembre de 2024.- Una persona desaparecida arrastrada por un r\u00edo, tres localidades incomunicadas y varias m\u00e1s inundadas, as\u00ed como carreteras destrozadas en la Costa y la Sierra Sur, es el saldo preliminar del paso del hurac\u00e1n \u201cJohn\u201d por Oaxaca.<\/p>\n\n\n\n<p>Ayer por la tarde, el gobernador Salom\u00f3n Jara Cruz difundi\u00f3 a trav\u00e9s de sus redes sociales que un individuo fue arrastrado por la corriente de un r\u00edo en la localidad de San Jos\u00e9 del Pe\u00f1asco, por lo cual diversas corporaciones realizan la b\u00fasqueda y hasta el momento no han sido localizados.<\/p>\n\n\n\n<p>En tanto, la Coordinaci\u00f3n Estatal de Protecci\u00f3n Civil y Gesti\u00f3n de Riesgos dio a conocer a la poblaci\u00f3n que el Comit\u00e9 de Protecci\u00f3n Civil de la regi\u00f3n Costa activ\u00f3 el Plan DN-III-E, para llevar a cabo la evacuaci\u00f3n de aproximadamente 40 personas ante el desbordamiento del r\u00edo de \u201cLa Arena\u201d en el paso de La Garrocha, en Santiago Pinotepa Nacional.<\/p>\n\n\n\n<p>Las personas evacuadas ser\u00e1n trasladadas a una zona segura en la localidad de Cruz del Itacu\u00e1n, donde se activ\u00f3 un albergue para salvaguardar la integridad de la poblaci\u00f3n, as\u00ed como evitar riesgos mayores.<\/p>\n\n\n\n<p>A\u00f1adi\u00f3 que estos trabajos se llevan a cabo con el apoyo de las brigadas de la Unidad de Inteligencia para Emergencias en Salud (UIES), la Secretar\u00eda de Marina, la Guardia Nacional y personal de Salud.<\/p>\n\n\n\n<p>Tambi\u00e9n anoche se report\u00f3 que las comunidades de El Zarsal, La Tuza y Coyuche, pertenecientes al municipio de Santiago Jamiltepec, se encuentran incomunicadas por la crecida del r\u00edo \u201cVerde\u201d, por lo que se brindar\u00e1 apoyo inmediato para poder evacuar a las y los pobladores de la zona y dirigirlos a un espacio seguro.<\/p>\n\n\n\n<p>M\u00c1S INCOMUNICADOS<\/p>\n\n\n\n<p>En el municipio de Santiago Pinotepa Nacional, las agencias de Mariano Matamoros, Banco de Oro y Playa Guadalupe se encuentran incomunicadas por la ruptura de un dique que derrib\u00f3 el camino que conduce a dichas comunidades, con afectaciones a 100 familias, con un aproximado de 400 personas.\u00a0<\/p>\n\n\n\n<figure class=\"wp-block-image size-full\"><img decoding=\"async\" width=\"800\" height=\"593\" src=\"https:\/\/zonaroja.com.mx\/wp-content\/uploads\/2024\/09\/Danos-lluvias-carreteras.jpg\" alt=\"\" class=\"wp-image-72771\" srcset=\"https:\/\/zonaroja.com.mx\/wp-content\/uploads\/2024\/09\/Danos-lluvias-carreteras.jpg 800w, https:\/\/zonaroja.com.mx\/wp-content\/uploads\/2024\/09\/Danos-lluvias-carreteras-300x222.jpg 300w, https:\/\/zonaroja.com.mx\/wp-content\/uploads\/2024\/09\/Danos-lluvias-carreteras-768x569.jpg 768w, https:\/\/zonaroja.com.mx\/wp-content\/uploads\/2024\/09\/Danos-lluvias-carreteras-585x434.jpg 585w\" sizes=\"(max-width: 800px) 100vw, 800px\" \/><\/figure>\n\n\n\n<p>CARRETERAS DA\u00d1ADAS<\/p>\n\n\n\n<p>Seg\u00fan informaci\u00f3n del Gobierno del Estado, &nbsp;en la carretera federal 200, tramo Santa Mar\u00eda Huatulco-Puente Coyula, en el kil\u00f3metro 234, se registra un socav\u00f3n por lo que la circulaci\u00f3n es fluida en un solo carril.<\/p>\n\n\n\n<p>En Pinotepa Nacional, en la carretera estatal tramo La Noria y Minindaca-Banco de Oro no hay paso por reparaci\u00f3n del puente, y se contin\u00faa retirando obst\u00e1culos para apoyar la circulaci\u00f3n.<\/p>\n\n\n\n<p>En Pochutla, en la carretera federal 175, a la altura del paraje Galilea en el kil\u00f3metro 220+900, no hay acceso a veh\u00edculos por socav\u00f3n, por lo que se recomienda a automovilistas tomar la v\u00eda alterna a la Ciudad de Oaxaca por Copalita-Pluma Hidalgo-San Jos\u00e9 del Pac\u00edfico.<\/p>\n\n\n\n<p>La supercarretera Ventanilla-Barranca Larga, kil\u00f3metro 91+940, contin\u00faa cerrada a la circulaci\u00f3n por derrumbes.<\/p>\n\n\n\n<p>En San Juan Cacahuatepec, sobre la carretera federal 125 \u201cAlfonso P\u00e9rez Gazga\u201d, kil\u00f3metro 250, se localiz\u00f3 un deslave que afecta un carril; por lo que se realizan labores para el retiro de obst\u00e1culos que obstruyan la circulaci\u00f3n.<\/p>\n\n\n\n<p>En Santiago Jamiltepec, la carretera federal 200, tramo San Andr\u00e9s Huaxpaltepec-R\u00edo Verde, kil\u00f3metro 27 600, 28+800, 32+900 solo hay circulaci\u00f3n en un solo carril por deslaves.<\/p>\n\n\n\n<p>En Santos Reyes Nopala, la Carretera Estatal 131, kil\u00f3metro 210, a la altura del paraje \u201cEl Camar\u00f3n\u201d se registra un deslave por lo que solo hay paso en un solo carril, y se trabaja para retirar los obst\u00e1culos; asimismo, se informa que el r\u00edo \u201cSan Gabriel\u201d se encuentra en un 80 por ciento de su capacidad.<\/p>\n\n\n\n<p>En Santa Catarina Juquila, la carretera federal 131 tramo Juquila-San Pedro Juchatengo kil\u00f3metros 134+900, paraje La Luna, 140+800, 146+900, solo hay circulaci\u00f3n en un solo carril por el registro de un derrumbe.<\/p>\n\n\n\n<p>De igual manera, la carretera estatal 178, kil\u00f3metro 02-800, 08, 11 presenta afectaciones en uno de sus carriles por derrumbes y ca\u00edda de \u00e1rboles.<\/p>\n\n\n\n<p>En R\u00edo Grande, en la carretera estatal tramo R\u00edo Grande-R\u00edo Viejo, San Jos\u00e9 del Progreso, se registra el desbordamiento del afluente, por lo que no hay acceso a esta \u00faltima comunidad.<\/p>\n\n\n\n<p>Asimismo, en la carretera estatal 131 tramo San Gabriel Mixtepec-Santa Mar\u00eda Mixtepec se encuentra afectada la circulaci\u00f3n en el kil\u00f3metro 210 paraje El Camar\u00f3n, por la crecida del r\u00edo.<\/p>\n","protected":false},"excerpt":{"rendered":"<p>Raymundo Morales\/Zona Roja. Oaxaca de Ju\u00e1rez, Oax., a 25 de septiembre de 2024.- Una persona&hellip;<\/p>\n","protected":false},"author":2,"featured_media":72772,"comment_status":"closed","ping_status":"open","sticky":false,"template":"","format":"standard","meta":{"_lmt_disableupdate":"","_lmt_disable":"","_jetpack_memberships_contains_paid_content":false,"footnotes":""},"categories":[109,47],"tags":[4073],"class_list":["post-72770","post","type-post","status-publish","format-standard","has-post-thumbnail","hentry","category-minuto-a-minuto","category-zona-gris","tag-huracan-john"],"jetpack_featured_media_url":"https:\/\/zonaroja.com.mx\/wp-content\/uploads\/2024\/09\/Danos-lluvias.jpg","jetpack_sharing_enabled":true,"_links":{"self":[{"href":"https:\/\/zonaroja.com.mx\/index.php?rest_route=\/wp\/v2\/posts\/72770","targetHints":{"allow":["GET"]}}],"collection":[{"href":"https:\/\/zonaroja.com.mx\/index.php?rest_route=\/wp\/v2\/posts"}],"about":[{"href":"https:\/\/zonaroja.com.mx\/index.php?rest_route=\/wp\/v2\/types\/post"}],"author":[{"embeddable":true,"href":"https:\/\/zonaroja.com.mx\/index.php?rest_route=\/wp\/v2\/users\/2"}],"replies":[{"embeddable":true,"href":"https:\/\/zonaroja.com.mx\/index.php?rest_route=%2Fwp%2Fv2%2Fcomments&post=72770"}],"version-history":[{"count":1,"href":"https:\/\/zonaroja.com.mx\/index.php?rest_route=\/wp\/v2\/posts\/72770\/revisions"}],"predecessor-version":[{"id":72773,"href":"https:\/\/zonaroja.com.mx\/index.php?rest_route=\/wp\/v2\/posts\/72770\/revisions\/72773"}],"wp:featuredmedia":[{"embeddable":true,"href":"https:\/\/zonaroja.com.mx\/index.php?rest_route=\/wp\/v2\/media\/72772"}],"wp:attachment":[{"href":"https:\/\/zonaroja.com.mx\/index.php?rest_route=%2Fwp%2Fv2%2Fmedia&parent=72770"}],"wp:term":[{"taxonomy":"category","embeddable":true,"href":"https:\/\/zonaroja.com.mx\/index.php?rest_route=%2Fwp%2Fv2%2Fcategories&post=72770"},{"taxonomy":"post_tag","embeddable":true,"href":"https:\/\/zonaroja.com.mx\/index.php?rest_route=%2Fwp%2Fv2%2Ftags&post=72770"}],"curies":[{"name":"wp","href":"https:\/\/api.w.org\/{rel}","templated":true}]}}