{"id":72783,"date":"2024-09-25T09:30:00","date_gmt":"2024-09-25T15:30:00","guid":{"rendered":"https:\/\/zonaroja.com.mx\/?p=72783"},"modified":"2024-09-25T07:09:53","modified_gmt":"2024-09-25T13:09:53","slug":"sentencian-a-120-anos-de-carcel-a-violador-de-dos-menores-en-oaxaca","status":"publish","type":"post","link":"https:\/\/zonaroja.com.mx\/?p=72783","title":{"rendered":"Sentencian a 120 a\u00f1os de c\u00e1rcel a violador de dos menores en Oaxaca"},"content":{"rendered":"\n<p>Redacci\u00f3n\/Zona Roja.&nbsp;<\/p>\n\n\n\n<p>Oaxaca de Ju\u00e1rez, Oax., a 25 de septiembre de 2024.- La Fiscal\u00eda General del Estado de Oaxaca (FGEO) obtuvo una sentencia condenatoria de 120 a\u00f1os de prisi\u00f3n en contra de una persona del sexo masculino identificada como J. P. D., por su responsabilidad en la comisi\u00f3n del delito de Violaci\u00f3n Equiparada Agravada, cometido en contra de dos menores de edad, hechos ocurridos en la Sierra de Flores Mag\u00f3n.<\/p>\n\n\n\n<p>De acuerdo con el expediente penal, el primero de los casos ocurri\u00f3 en diferentes fechas de los meses de junio, julio y diciembre de 2016, cuando la v\u00edctima -una menor de edad, cuya identidad est\u00e1 reservada por ley- se encontraba en un domicilio ubicado en el centro del municipio de Huautla de Jim\u00e9nez, donde el imputado la agredi\u00f3 sexualmente.<\/p>\n\n\n\n<p>De igual manera, en los meses de febrero y marzo de 2017, el imputado agredi\u00f3 de manera sexual a otra menor de edad (cuya identidad est\u00e1 reservada por ley), los hechos ocurrieron en el mismo domicilio ubicado en c\u00e9ntricas calles de Huautla de Jim\u00e9nez.<\/p>\n\n\n\n<p>Tras estos hechos, la FGEO inici\u00f3 las investigaciones correspondientes a trav\u00e9s de la Vicefiscal\u00eda General de Control Regional y, derivado de ello, obtuvieron una orden de aprehensi\u00f3n contra el hoy sentenciado, para posteriormente presentarlo ante el Juez que lo requiri\u00f3 para el proceso legal correspondiente.<\/p>\n\n\n\n<p>Luego de evaluar los datos de prueba aportados por la Fiscal\u00eda de Oaxaca, el Juez que atiende la causa, dict\u00f3 sentencia condenatoria de 120 a\u00f1os de prisi\u00f3n en contra de J. P. D., por el delito de Violaci\u00f3n Equiparada Agravada, adem\u00e1s de imponer una multa econ\u00f3mica superior a los 779 mil pesos y ordenar el pago econ\u00f3mico por concepto de reparaci\u00f3n del da\u00f1o en abstracto.<\/p>\n\n\n\n<p>La Fiscal\u00eda de Oaxaca tiene como prioridad garantizar procesos de justicia eficientes en los casos de delitos cometidos en contra de ni\u00f1as, ni\u00f1os y adolescentes, a trav\u00e9s de investigaciones integrales y con perspectiva de infancia que logren garantizar el inter\u00e9s superior de la ni\u00f1ez.<\/p>\n\n\n\n<p>OTRO SENTENCIADO<\/p>\n\n\n\n<p>En otro caso, la Fiscal\u00eda General del Estado obtuvo una sentencia condenatoria de 35 a\u00f1os de prisi\u00f3n en contra de una persona del sexo masculino identificada como S.M.P., responsable del delito de homicidio calificado con ventaja en agravio de R.A.B., hechos ocurridos en la regi\u00f3n Ca\u00f1ada.&nbsp;<\/p>\n\n\n\n<p>De acuerdo con la causa penal del caso, los hechos ocurrieron el 17 de diciembre de 2021, en la agencia de polic\u00eda el Retumbadero, jurisdicci\u00f3n de San Pedro Sochi\u00e1pam, Cuicatl\u00e1n, lugar en donde la v\u00edctima fue atacada con un arma corto-contundente (machete), caus\u00e1ndole lesiones que le provocaron la muerte.<\/p>\n\n\n\n<p>Ante los hechos, la FGEO tom\u00f3 conocimiento del caso e inici\u00f3 los trabajos ministeriales correspondientes a trav\u00e9s de la Vicefiscal\u00eda General de Control Regional, logrando obtener y ejecutar una orden de aprehensi\u00f3n con lo cual fue posible presentar al imputado ante el Juez de la causa.<\/p>\n\n\n\n<p>Tras evaluar y analizar los datos de prueba aportados por la Fiscal\u00eda de Oaxaca, el Juez dict\u00f3 sentencia condenatoria de 35 a\u00f1os de prisi\u00f3n en contra de S.M.P., adem\u00e1s que impuso el pago de 448 mil 100 pesos por el concepto de pago de reparaci\u00f3n del da\u00f1o.<\/p>\n\n\n\n<p>VINCULADO A PROCESO&nbsp;<\/p>\n\n\n\n<p>Y como parte de la estrategia de combate a los delitos cometidos en contra de ni\u00f1as, ni\u00f1os, adolescentes y mujeres, la Fiscal\u00eda General logr\u00f3 auto de vinculaci\u00f3n a proceso y prisi\u00f3n preventiva en contra de una persona del sexo masculino identificado como S.B.L., por el delito de Equiparado a la Violaci\u00f3n Agravada cometido en agravio de una ni\u00f1a, en la regi\u00f3n de la Sierra Sur.<\/p>\n\n\n\n<p>De acuerdo con el expediente penal, la agresi\u00f3n sexual ocurri\u00f3 en diferentes fechas del mes de octubre de 2020 en un domicilio conocido como el Rancho, Secci\u00f3n Cuarta perteneciente al municipio de Sola de Vega, cuando la v\u00edctima (cuya identidad est\u00e1 reservada por ley) ten\u00eda siete a\u00f1os de edad.<\/p>\n\n\n\n<p>Ante estos hechos, la Fiscal\u00eda de Oaxaca inici\u00f3 la investigaci\u00f3n a trav\u00e9s de la Vicefiscal\u00eda General de Control Regional, lo que permiti\u00f3 la detenci\u00f3n por orden aprehensi\u00f3n en contra de S.B.L., quien fue presentado ante la autoridad que lo requiri\u00f3.<\/p>\n\n\n\n<p>Una vez evaluados los datos de prueba aportados por el Ministerio P\u00fablico, el Juez de la causa determin\u00f3 vincular a proceso a S.B.L, por el delito de Equiparado a la Violaci\u00f3n Agravada, adem\u00e1s que dict\u00f3 la medida de prisi\u00f3n preventiva y otorg\u00f3 cuatro meses para el cierre de la investigaci\u00f3n complementaria.<\/p>\n\n\n\n<p>POR VIOLENCIA FAMILIAR<\/p>\n\n\n\n<p>Por otra parte, la instituci\u00f3n de procuraci\u00f3n de justicia obtuvo la vinculaci\u00f3n a proceso de una persona del sexo masculino identificada como J.E.J.M., por el delito de violencia familiar cometido en agravio de una mujer, hechos ocurridos en la regi\u00f3n de la Costa.&nbsp;<\/p>\n\n\n\n<p>De acuerdo con la carpeta de investigaci\u00f3n, el 13 de mayo de 2024 la v\u00edctima identificada como F.C.S., se encontraba en su domicilio ubicado en la localidad de San Marcos Zacatepec perteneciente a Santa Catarina Juquila, cuando fue agredida verbal y f\u00edsicamente por su pareja quien, adem\u00e1s, intent\u00f3 someterla cuando dorm\u00eda.<\/p>\n\n\n\n<p>Al tomar conocimiento de los hechos, la FGEO a trav\u00e9s del \u00e1rea de g\u00e9nero de la Vicefiscal\u00eda Regional de la Costa, inici\u00f3 las indagatorias correspondientes logrando obtener una orden de aprehensi\u00f3n contra el imputado, quien qued\u00f3 a disposici\u00f3n de la autoridad que lo requiri\u00f3.<\/p>\n\n\n\n<p>Una vez aportadas las pruebas ministeriales, el Juez que atiende la causa dict\u00f3 auto de vinculaci\u00f3n a proceso en contra de J.E.J.M., por el delito de violencia familiar, adem\u00e1s que impuso la medida cautelar de prisi\u00f3n preventiva justificada y concedi\u00f3 dos meses para el cierre de la investigaci\u00f3n.<\/p>\n","protected":false},"excerpt":{"rendered":"<p>Redacci\u00f3n\/Zona Roja.&nbsp; Oaxaca de Ju\u00e1rez, Oax., a 25 de septiembre de 2024.- La Fiscal\u00eda General&hellip;<\/p>\n","protected":false},"author":2,"featured_media":72779,"comment_status":"closed","ping_status":"open","sticky":false,"template":"","format":"standard","meta":{"_lmt_disableupdate":"","_lmt_disable":"","_jetpack_memberships_contains_paid_content":false,"footnotes":""},"categories":[109,46],"tags":[494],"class_list":["post-72783","post","type-post","status-publish","format-standard","has-post-thumbnail","hentry","category-minuto-a-minuto","category-zona-blanca","tag-fiscalia-general-del-estado-de-oaxaca"],"jetpack_featured_media_url":"https:\/\/zonaroja.com.mx\/wp-content\/uploads\/2024\/09\/Sentenciado-120-anos-violador-Oaxaca.jpg","jetpack_sharing_enabled":true,"_links":{"self":[{"href":"https:\/\/zonaroja.com.mx\/index.php?rest_route=\/wp\/v2\/posts\/72783","targetHints":{"allow":["GET"]}}],"collection":[{"href":"https:\/\/zonaroja.com.mx\/index.php?rest_route=\/wp\/v2\/posts"}],"about":[{"href":"https:\/\/zonaroja.com.mx\/index.php?rest_route=\/wp\/v2\/types\/post"}],"author":[{"embeddable":true,"href":"https:\/\/zonaroja.com.mx\/index.php?rest_route=\/wp\/v2\/users\/2"}],"replies":[{"embeddable":true,"href":"https:\/\/zonaroja.com.mx\/index.php?rest_route=%2Fwp%2Fv2%2Fcomments&post=72783"}],"version-history":[{"count":1,"href":"https:\/\/zonaroja.com.mx\/index.php?rest_route=\/wp\/v2\/posts\/72783\/revisions"}],"predecessor-version":[{"id":72784,"href":"https:\/\/zonaroja.com.mx\/index.php?rest_route=\/wp\/v2\/posts\/72783\/revisions\/72784"}],"wp:featuredmedia":[{"embeddable":true,"href":"https:\/\/zonaroja.com.mx\/index.php?rest_route=\/wp\/v2\/media\/72779"}],"wp:attachment":[{"href":"https:\/\/zonaroja.com.mx\/index.php?rest_route=%2Fwp%2Fv2%2Fmedia&parent=72783"}],"wp:term":[{"taxonomy":"category","embeddable":true,"href":"https:\/\/zonaroja.com.mx\/index.php?rest_route=%2Fwp%2Fv2%2Fcategories&post=72783"},{"taxonomy":"post_tag","embeddable":true,"href":"https:\/\/zonaroja.com.mx\/index.php?rest_route=%2Fwp%2Fv2%2Ftags&post=72783"}],"curies":[{"name":"wp","href":"https:\/\/api.w.org\/{rel}","templated":true}]}}