{"id":72785,"date":"2024-09-25T10:30:00","date_gmt":"2024-09-25T16:30:00","guid":{"rendered":"https:\/\/zonaroja.com.mx\/?p=72785"},"modified":"2024-09-25T07:21:59","modified_gmt":"2024-09-25T13:21:59","slug":"reforma-indigena-recuperacion-de-la-dignidad-y-la-esperanza-amt","status":"publish","type":"post","link":"https:\/\/zonaroja.com.mx\/?p=72785","title":{"rendered":"Reforma ind\u00edgena, recuperaci\u00f3n de la dignidad y la esperanza: AMT"},"content":{"rendered":"\n<p>Raymundo Morales\/Zona Roja.<\/p>\n\n\n\n<p>Oaxaca de Ju\u00e1rez, Oax., a 25 de septiembre de 2024.- Este martes, el Senado de la Rep\u00fablica aprob\u00f3 reformas a la ley de derechos de pueblos indigenas y afromexicano.<\/p>\n\n\n\n<p>\u201cUn voto a favor de la reforma que hoy discutimos es un voto a favor de recuperaci\u00f3n de la dignidad y la esperanza de quienes hab\u00edamos sido relegados, ignorados, olvidados, se\u00f1al\u00f3 el senador oaxaque\u00f1o, Antonino Morales Toledo.<\/p>\n\n\n\n<p>Durante el debate de la reforma en materia de reconocimiento de los derechos de pueblos y comunidades ind\u00edgenas y afromexicanos, el legislador se\u00f1al\u00f3 que su intervenci\u00f3n la realiz\u00f3 en zapoteco, en concordancia con el esp\u00edritu del cambio constitucional propuesto por el presidente Andr\u00e9s Manuel L\u00f3pez Obrador.<\/p>\n\n\n\n<p>Dijo que habr\u00eda sido una contradicci\u00f3n referirse en espa\u00f1ol a una reforma que reconoce plenamente los derechos de los pueblos y comunidades ind\u00edgenas y afromexicano, entre ellos, el derecho a hablar en su lengua materna.<\/p>\n\n\n\n<p>\u201cDurante cientos de a\u00f1os fuimos obligados a hablar el espa\u00f1ol y a\u00fan as\u00ed no hab\u00edamos sido escuchados; hablar nuestras lenguas solamente hab\u00eda tenido como respuesta discriminaci\u00f3n, exclusi\u00f3n, racismo\u201d.<\/p>\n\n\n\n<p>Apunt\u00f3 que fue el presidente L\u00f3pez Obrador quien impuls\u00f3, de manera decidida, \u201cla reivindicaci\u00f3n hist\u00f3rica de nuestros or\u00edgenes y de nuestros antepasados\u201d.<\/p>\n\n\n\n<p>Morales Toledo resalt\u00f3 que es la Cuarta Transformaci\u00f3n la que hoy hace posible el reconocimiento los pueblos ind\u00edgenas y afromexicanos, como sujetos de derecho p\u00fablico, con personalidad jur\u00eddica y patrimonio propio.<\/p>\n\n\n\n<p>\u201cCon esta reforma se reivindica la grandeza de nuestros pueblos originarios, su cultura, su saber, su cosmovisi\u00f3n y su contribuci\u00f3n a la construcci\u00f3n de la naci\u00f3n mexicana\u201d, resalt\u00f3 el legislador.<\/p>\n\n\n\n<p>En tribuna, el senador zapoteco mencion\u00f3 representar al estado de Oaxaca, entidad que ha sido reconocida por el propio presidente de la rep\u00fablica como el lugar con la mayor diversidad y riqueza cultural de nuestro pa\u00eds.<\/p>\n\n\n\n<p>Explic\u00f3 que, al reconocerse finalmente que la naci\u00f3n mexicana est\u00e1 basada en la grandeza de sus pueblos y culturas, expresa su apoyo a nombre de sus hermanas y hermanos de los pueblos amuzgo, cuicateco, chatino, chinanteco, chocholteco, chontales, huaves, ixcatecos, mazatecos, mixes, mixtecos, nahuas, triquis, zapotecos, zoques, tacuates y afromexicanos.<\/p>\n\n\n\n<p>\u201cTodas estas culturas y pueblos damos forma a ese M\u00e9xico profundo que se identifica plenamente con el nuevo apotegma del humanismo mexicano: \u00a1Por el bien de todos, primero los pobres!\u201d<\/p>\n\n\n\n<p>Finalmente, el senador Antonino Morales expres\u00f3 que esta reforma hist\u00f3rica es un gran broche de oro para una administraci\u00f3n como la que concluye, \u201cy es tambi\u00e9n un extraordinario pre\u00e1mbulo de lo que ser\u00e1 esta Legislatura en la que vamos a edificar el segundo piso de la Cuarta Transformaci\u00f3n\u201d.<\/p>\n","protected":false},"excerpt":{"rendered":"<p>Raymundo Morales\/Zona Roja. Oaxaca de Ju\u00e1rez, Oax., a 25 de septiembre de 2024.- Este martes,&hellip;<\/p>\n","protected":false},"author":2,"featured_media":0,"comment_status":"closed","ping_status":"open","sticky":false,"template":"","format":"standard","meta":{"_lmt_disableupdate":"","_lmt_disable":"","_jetpack_memberships_contains_paid_content":false,"footnotes":""},"categories":[109,46],"tags":[180],"class_list":["post-72785","post","type-post","status-publish","format-standard","hentry","category-minuto-a-minuto","category-zona-blanca","tag-antonino-morales-toledo"],"jetpack_featured_media_url":"","jetpack_sharing_enabled":true,"_links":{"self":[{"href":"https:\/\/zonaroja.com.mx\/index.php?rest_route=\/wp\/v2\/posts\/72785","targetHints":{"allow":["GET"]}}],"collection":[{"href":"https:\/\/zonaroja.com.mx\/index.php?rest_route=\/wp\/v2\/posts"}],"about":[{"href":"https:\/\/zonaroja.com.mx\/index.php?rest_route=\/wp\/v2\/types\/post"}],"author":[{"embeddable":true,"href":"https:\/\/zonaroja.com.mx\/index.php?rest_route=\/wp\/v2\/users\/2"}],"replies":[{"embeddable":true,"href":"https:\/\/zonaroja.com.mx\/index.php?rest_route=%2Fwp%2Fv2%2Fcomments&post=72785"}],"version-history":[{"count":1,"href":"https:\/\/zonaroja.com.mx\/index.php?rest_route=\/wp\/v2\/posts\/72785\/revisions"}],"predecessor-version":[{"id":72786,"href":"https:\/\/zonaroja.com.mx\/index.php?rest_route=\/wp\/v2\/posts\/72785\/revisions\/72786"}],"wp:attachment":[{"href":"https:\/\/zonaroja.com.mx\/index.php?rest_route=%2Fwp%2Fv2%2Fmedia&parent=72785"}],"wp:term":[{"taxonomy":"category","embeddable":true,"href":"https:\/\/zonaroja.com.mx\/index.php?rest_route=%2Fwp%2Fv2%2Fcategories&post=72785"},{"taxonomy":"post_tag","embeddable":true,"href":"https:\/\/zonaroja.com.mx\/index.php?rest_route=%2Fwp%2Fv2%2Ftags&post=72785"}],"curies":[{"name":"wp","href":"https:\/\/api.w.org\/{rel}","templated":true}]}}