{"id":72787,"date":"2024-09-25T11:00:00","date_gmt":"2024-09-25T17:00:00","guid":{"rendered":"https:\/\/zonaroja.com.mx\/?p=72787"},"modified":"2024-09-25T07:26:46","modified_gmt":"2024-09-25T13:26:46","slug":"impacta-a-claudia-sheinbaum-conflicto-diplomatico-con-espana","status":"publish","type":"post","link":"https:\/\/zonaroja.com.mx\/?p=72787","title":{"rendered":"Impacta a Claudia Sheinbaum conflicto diplom\u00e1tico con Espa\u00f1a"},"content":{"rendered":"\n<p>Redacci\u00f3n\/Zona Roja Cdmx.<\/p>\n\n\n\n<p>Ciudad de M\u00e9xico, a 25 de septiembre de 2024.- El Gobierno de Espa\u00f1a cancel\u00f3 su asistencia a la toma de protesta de Claudia Sheinbaum, quien asumir\u00e1 como presidenta de M\u00e9xico este 1 de octubre. La decisi\u00f3n se toma ya que no se hizo una invitaci\u00f3n directa al rey Felipe VI.<\/p>\n\n\n\n<p>\u201cEl gobierno de Espa\u00f1a ha decidido no participar en dicha toma de posesi\u00f3n a ning\u00fan nivel\u201d, inform\u00f3 el Ministerio de Asuntos Exteriores en un comunicado.<\/p>\n\n\n\n<p>\u201cEl gobierno de Espa\u00f1a considera inaceptable la exclusi\u00f3n de Su Majestad el Rey de la invitaci\u00f3n a la toma de posesi\u00f3n de la presidenta electa de M\u00e9xico, Claudia Sheinbaum Pardo, el pr\u00f3ximo 1 de octubre en Ciudad de M\u00e9xico\u201d, se especifica.<\/p>\n\n\n\n<p>El presidente de Espa\u00f1a es Pedro S\u00e1nchez, electo por primera vez en 2018 por el voto de los ciudadanos ib\u00e9ricos; no obstante en ese pa\u00eds tambi\u00e9n existe la Monarqu\u00eda Espa\u00f1ola y el rey es considerado como jefe del Estado espa\u00f1ol.<\/p>\n\n\n\n<p>Esta ser\u00eda una de las primeras tensiones diplom\u00e1ticas de la pr\u00f3xima presidenta y se suma a las pasadas con el a\u00fan presidente Andr\u00e9s Manuel L\u00f3pez Obrador, quien en 2022 pidi\u00f3 al rey Felipe VI que la corona espa\u00f1ola ofreciera una disculpa a los pueblos ind\u00edgenas de M\u00e9xico por la Conquista y la Colonizaci\u00f3n, sin embargo no obtuvo respuesta.<\/p>\n\n\n\n<p>(Informaci\u00f3n de \u201cExpansi\u00f3n Pol\u00edtica\u201d)<\/p>\n","protected":false},"excerpt":{"rendered":"<p>Redacci\u00f3n\/Zona Roja Cdmx. Ciudad de M\u00e9xico, a 25 de septiembre de 2024.- El Gobierno de&hellip;<\/p>\n","protected":false},"author":2,"featured_media":72788,"comment_status":"closed","ping_status":"open","sticky":false,"template":"","format":"standard","meta":{"_lmt_disableupdate":"","_lmt_disable":"","_jetpack_memberships_contains_paid_content":false,"footnotes":""},"categories":[109,47],"tags":[3370],"class_list":["post-72787","post","type-post","status-publish","format-standard","has-post-thumbnail","hentry","category-minuto-a-minuto","category-zona-gris","tag-claudia-sheinbaum"],"jetpack_featured_media_url":"https:\/\/zonaroja.com.mx\/wp-content\/uploads\/2024\/09\/Claudia-Sheinbaum-rey-de-espana.jpg","jetpack_sharing_enabled":true,"_links":{"self":[{"href":"https:\/\/zonaroja.com.mx\/index.php?rest_route=\/wp\/v2\/posts\/72787","targetHints":{"allow":["GET"]}}],"collection":[{"href":"https:\/\/zonaroja.com.mx\/index.php?rest_route=\/wp\/v2\/posts"}],"about":[{"href":"https:\/\/zonaroja.com.mx\/index.php?rest_route=\/wp\/v2\/types\/post"}],"author":[{"embeddable":true,"href":"https:\/\/zonaroja.com.mx\/index.php?rest_route=\/wp\/v2\/users\/2"}],"replies":[{"embeddable":true,"href":"https:\/\/zonaroja.com.mx\/index.php?rest_route=%2Fwp%2Fv2%2Fcomments&post=72787"}],"version-history":[{"count":1,"href":"https:\/\/zonaroja.com.mx\/index.php?rest_route=\/wp\/v2\/posts\/72787\/revisions"}],"predecessor-version":[{"id":72789,"href":"https:\/\/zonaroja.com.mx\/index.php?rest_route=\/wp\/v2\/posts\/72787\/revisions\/72789"}],"wp:featuredmedia":[{"embeddable":true,"href":"https:\/\/zonaroja.com.mx\/index.php?rest_route=\/wp\/v2\/media\/72788"}],"wp:attachment":[{"href":"https:\/\/zonaroja.com.mx\/index.php?rest_route=%2Fwp%2Fv2%2Fmedia&parent=72787"}],"wp:term":[{"taxonomy":"category","embeddable":true,"href":"https:\/\/zonaroja.com.mx\/index.php?rest_route=%2Fwp%2Fv2%2Fcategories&post=72787"},{"taxonomy":"post_tag","embeddable":true,"href":"https:\/\/zonaroja.com.mx\/index.php?rest_route=%2Fwp%2Fv2%2Ftags&post=72787"}],"curies":[{"name":"wp","href":"https:\/\/api.w.org\/{rel}","templated":true}]}}