{"id":7279,"date":"2020-01-03T21:46:03","date_gmt":"2020-01-04T03:46:03","guid":{"rendered":"http:\/\/www.zonaroja.com.mx\/?p=7279"},"modified":"2020-01-03T21:46:05","modified_gmt":"2020-01-04T03:46:05","slug":"dan-45-anos-de-prision-a-violador-y-asesino-de-una-adolescente-en-oaxaca","status":"publish","type":"post","link":"https:\/\/zonaroja.com.mx\/?p=7279","title":{"rendered":"Dan 45 a\u00f1os de prisi\u00f3n a violador y asesino de una adolescente en Oaxaca"},"content":{"rendered":"\n<p>Redacci\u00f3n\/Zona Roja.<\/p>\n\n\n\n<p>Oaxaca de Ju\u00e1rez, Oax., 3 de enero de\n2020.- El Tribunal de Enjuiciamiento con sede en Miahuatl\u00e1n de Porfirio D\u00edaz,\ndependiente del Poder Judicial del Estado de Oaxaca, determin\u00f3 una pena de 45\na\u00f1os de prisi\u00f3n en contra de un violador y asesino de una adolescente.<\/p>\n\n\n\n<p>En un comunicado la Fiscal\u00eda General del Estado de Oaxaca dio a conocer que el masculino es identificado como B. J. R., quien fue declarado culpable del delito de feminicidio en agravio de una menor de 13 a\u00f1os de edad(Wendy P. O.).<\/p>\n\n\n\n<p>Indic\u00f3 que con base a la causa penal n\u00famero 99\/2018, el delito ocurri\u00f3 entre las 15:00 y 16:00 horas del 17 de septiembre de 2018, cuando la v\u00edctima caminaba sobre la vereda que conduce al barrio El Portillo de San Vicente Yogondoy (sic), San Agust\u00edn Loxicha.<\/p>\n\n\n\n<p>Fue en ese momento que fue interceptada\nla adolescente por el imputado, quien despu\u00e9s de violarla, le caus\u00f3 graves\nlesiones con un objeto cortocontundente (machete) en el rostro, mano y hombro\nderecho, las cuales le causaron la muerte.<\/p>\n\n\n\n<p>Detall\u00f3 que despu\u00e9s de realizar las\ndiligencias por parte de la Fiscal\u00eda General, a trav\u00e9s de investigaci\u00f3n de\ncampo, entrevistas y dict\u00e1menes desarrollados por un equipo multidisciplinario,\nse obtuvieron las pruebas que permitieron esclarecer los hechos y acreditar la\nresponsabilidad del imputado, quien fue detenido por Agentes Estatales de\nInvestigaci\u00f3n y puesto a disposici\u00f3n de la autoridad judicial.<\/p>\n\n\n\n<p>En audiencia celebrada el 20 de\ndiciembre del 2019, el Tribunal de Enjuiciamiento de Miahuatl\u00e1n, dict\u00f3\nsentencia condenatoria contra B. J. R., imponi\u00e9ndole la pena de 45 a\u00f1os de\nprisi\u00f3n.<\/p>\n","protected":false},"excerpt":{"rendered":"<p>Redacci\u00f3n\/Zona Roja. Oaxaca de Ju\u00e1rez, Oax., 3 de enero de 2020.- El Tribunal de Enjuiciamiento&hellip;<\/p>\n","protected":false},"author":2,"featured_media":7280,"comment_status":"closed","ping_status":"open","sticky":false,"template":"","format":"standard","meta":{"_lmt_disableupdate":"","_lmt_disable":"","_jetpack_memberships_contains_paid_content":false,"footnotes":""},"categories":[109,47],"tags":[1229],"class_list":["post-7279","post","type-post","status-publish","format-standard","has-post-thumbnail","hentry","category-minuto-a-minuto","category-zona-gris","tag-san-vicente-yogodoy"],"jetpack_featured_media_url":"https:\/\/zonaroja.com.mx\/wp-content\/uploads\/2020\/01\/prisi\u00f3n.jpg","jetpack_sharing_enabled":true,"_links":{"self":[{"href":"https:\/\/zonaroja.com.mx\/index.php?rest_route=\/wp\/v2\/posts\/7279","targetHints":{"allow":["GET"]}}],"collection":[{"href":"https:\/\/zonaroja.com.mx\/index.php?rest_route=\/wp\/v2\/posts"}],"about":[{"href":"https:\/\/zonaroja.com.mx\/index.php?rest_route=\/wp\/v2\/types\/post"}],"author":[{"embeddable":true,"href":"https:\/\/zonaroja.com.mx\/index.php?rest_route=\/wp\/v2\/users\/2"}],"replies":[{"embeddable":true,"href":"https:\/\/zonaroja.com.mx\/index.php?rest_route=%2Fwp%2Fv2%2Fcomments&post=7279"}],"version-history":[{"count":1,"href":"https:\/\/zonaroja.com.mx\/index.php?rest_route=\/wp\/v2\/posts\/7279\/revisions"}],"predecessor-version":[{"id":7281,"href":"https:\/\/zonaroja.com.mx\/index.php?rest_route=\/wp\/v2\/posts\/7279\/revisions\/7281"}],"wp:featuredmedia":[{"embeddable":true,"href":"https:\/\/zonaroja.com.mx\/index.php?rest_route=\/wp\/v2\/media\/7280"}],"wp:attachment":[{"href":"https:\/\/zonaroja.com.mx\/index.php?rest_route=%2Fwp%2Fv2%2Fmedia&parent=7279"}],"wp:term":[{"taxonomy":"category","embeddable":true,"href":"https:\/\/zonaroja.com.mx\/index.php?rest_route=%2Fwp%2Fv2%2Fcategories&post=7279"},{"taxonomy":"post_tag","embeddable":true,"href":"https:\/\/zonaroja.com.mx\/index.php?rest_route=%2Fwp%2Fv2%2Ftags&post=7279"}],"curies":[{"name":"wp","href":"https:\/\/api.w.org\/{rel}","templated":true}]}}