{"id":72793,"date":"2024-09-25T14:45:00","date_gmt":"2024-09-25T20:45:00","guid":{"rendered":"https:\/\/zonaroja.com.mx\/?p=72793"},"modified":"2024-09-25T07:47:18","modified_gmt":"2024-09-25T13:47:18","slug":"mas-de-50-millones-de-mexicanos-carecen-de-servicios-de-salud","status":"publish","type":"post","link":"https:\/\/zonaroja.com.mx\/?p=72793","title":{"rendered":"M\u00e1s de 50 millones de mexicanos carecen de servicios de salud"},"content":{"rendered":"\n<p>Redacci\u00f3n\/Zona Roja Cdmx.<\/p>\n\n\n\n<p>Ciudad de M\u00e9xico, a 25 de septiembre de 2024.- En M\u00e9xico, 50.4 millones de personas carecen de acceso a servicios de salud, lo que representa 39.1 por ciento de la poblaci\u00f3n, destac\u00f3 Alida Marcela Guti\u00e9rrez Landeros, coordinadora general de an\u00e1lisis de pobreza del Consejo Nacional de Evaluaci\u00f3n de la Pol\u00edtica de Desarrollo Social (Coneval).<\/p>\n\n\n\n<p>Al participar en la C\u00e1tedra UNAM-Coneval, \u201cConferencia sobre pobreza, evaluaci\u00f3n, monitoreo y gesti\u00f3n administrativa\u201d, la funcionaria explic\u00f3 que la carencia creci\u00f3 respecto a 2018, cuando inici\u00f3 el sexenio.<\/p>\n\n\n\n<p>En ese a\u00f1o, 20.1 millones de personas carec\u00edan de acceso a servicios de salud, lo que represent\u00f3 16.2 por ciento de la poblaci\u00f3n a ese a\u00f1o.<\/p>\n\n\n\n<p>Guti\u00e9rrez explic\u00f3 que en 2018 desapareci\u00f3 el Seguro Popular y que actualmente funciona el Instituto de Salud para el Bienestar (Insabi), que es un organismo descentralizado sectorizado a la Secretar\u00eda de Salud.<\/p>\n\n\n\n<p>\u201cDesde el Seguro Popular exist\u00eda el discurso oficial: es universal, para todas las personas que no cuenten con el acceso vinculado a su trabajo; a\u00fan as\u00ed, estamos viendo que 38 por ciento sigue reportando que no tiene acceso a los servicios de salud\u201d, destac\u00f3 la ponente.<\/p>\n\n\n\n<p>Detall\u00f3 que en cuanto a IMSS- Bienestar \u2013entidad que desde mayo de 2023 otorga gratuitamente servicios de salud, medicamentos y otros insumos asociados a personas sin seguridad social\u2013 s\u00f3lo 0.2 por ciento de la poblaci\u00f3n est\u00e1 afiliado.<\/p>\n\n\n\n<p>Coment\u00f3 que la pandemia impidi\u00f3 la operaci\u00f3n del Insabi y que ha habido un aumento considerable de las personas que tienden a ir a consultorios adyacentes a farmacias, lo cual no se considera acceso a salud.<\/p>\n\n\n\n<p>La carencia de acceso a servicios m\u00e9dicos forma parte de las seis condiciones que el Coneval toma en cuenta para medir la pobreza multidimensional: el rezago educativo, acceso a la seguridad social, a la vivienda, a servicios b\u00e1sicos de \u00e9sta y a la alimentaci\u00f3n nutritiva y de calidad.<\/p>\n\n\n\n<p>Coneval realiza sus estimaciones con base en la Encuesta Nacional de Ingresos y Gastos de los Hogares, cuyos datos m\u00e1s recientes son a 2022.<\/p>\n\n\n\n<p>Por otra parte, Guti\u00e9rrez Landeros record\u00f3 que s\u00f3lo 28 por ciento de la poblaci\u00f3n \u201cno es pobre ni vulnerable.<\/p>\n\n\n\n<p>\u201cTodos los dem\u00e1s (72 por ciento) est\u00e1n en situaci\u00f3n de pobreza o son vulnerables por carencia social o por ingreso\u201d, coment\u00f3.<\/p>\n\n\n\n<p>Los ingresos del grupo de \u201cno pobres y no vulnerables\u201d son ocho veces superiores respecto a los pobres extremos.<\/p>\n\n\n\n<p>Detall\u00f3 que alrededor de 9.1 millones de personas se encontraban en pobreza extrema en 2022 y que siete de cada 10 mujeres hablantes de lengua ind\u00edgena en zonas rurales presentan pobreza, como lo public\u00f3 La Jornada 19\/08\/24 ( https:\/\/www.jornada.com.mx\/noticia\/2024\/08\/19\/politica\/coneval-en-pobreza-7-de-cada-10-hablantes-de-lengua-indigena-2283 )<\/p>\n\n\n\n<p>A su vez, tres de cada 10 hombres no hablantes de lengua ind\u00edgena que habitan en zonas urbanas est\u00e1n en situaci\u00f3n de pobreza. Una de las carencias m\u00e1s altas en el grupo de pobres es en las viviendas, que presentan hacinamiento.<\/p>\n\n\n\n<p>(Informaci\u00f3n de \u201cLa Jornada\u201d)<\/p>\n","protected":false},"excerpt":{"rendered":"<p>Redacci\u00f3n\/Zona Roja Cdmx. Ciudad de M\u00e9xico, a 25 de septiembre de 2024.- En M\u00e9xico, 50.4&hellip;<\/p>\n","protected":false},"author":2,"featured_media":65743,"comment_status":"closed","ping_status":"open","sticky":false,"template":"","format":"standard","meta":{"_lmt_disableupdate":"","_lmt_disable":"","_jetpack_memberships_contains_paid_content":false,"footnotes":""},"categories":[109,47],"tags":[],"class_list":["post-72793","post","type-post","status-publish","format-standard","has-post-thumbnail","hentry","category-minuto-a-minuto","category-zona-gris"],"jetpack_featured_media_url":"https:\/\/zonaroja.com.mx\/wp-content\/uploads\/2024\/02\/Pobreza-marginacion-justicia.jpg","jetpack_sharing_enabled":true,"_links":{"self":[{"href":"https:\/\/zonaroja.com.mx\/index.php?rest_route=\/wp\/v2\/posts\/72793","targetHints":{"allow":["GET"]}}],"collection":[{"href":"https:\/\/zonaroja.com.mx\/index.php?rest_route=\/wp\/v2\/posts"}],"about":[{"href":"https:\/\/zonaroja.com.mx\/index.php?rest_route=\/wp\/v2\/types\/post"}],"author":[{"embeddable":true,"href":"https:\/\/zonaroja.com.mx\/index.php?rest_route=\/wp\/v2\/users\/2"}],"replies":[{"embeddable":true,"href":"https:\/\/zonaroja.com.mx\/index.php?rest_route=%2Fwp%2Fv2%2Fcomments&post=72793"}],"version-history":[{"count":1,"href":"https:\/\/zonaroja.com.mx\/index.php?rest_route=\/wp\/v2\/posts\/72793\/revisions"}],"predecessor-version":[{"id":72794,"href":"https:\/\/zonaroja.com.mx\/index.php?rest_route=\/wp\/v2\/posts\/72793\/revisions\/72794"}],"wp:featuredmedia":[{"embeddable":true,"href":"https:\/\/zonaroja.com.mx\/index.php?rest_route=\/wp\/v2\/media\/65743"}],"wp:attachment":[{"href":"https:\/\/zonaroja.com.mx\/index.php?rest_route=%2Fwp%2Fv2%2Fmedia&parent=72793"}],"wp:term":[{"taxonomy":"category","embeddable":true,"href":"https:\/\/zonaroja.com.mx\/index.php?rest_route=%2Fwp%2Fv2%2Fcategories&post=72793"},{"taxonomy":"post_tag","embeddable":true,"href":"https:\/\/zonaroja.com.mx\/index.php?rest_route=%2Fwp%2Fv2%2Ftags&post=72793"}],"curies":[{"name":"wp","href":"https:\/\/api.w.org\/{rel}","templated":true}]}}