{"id":72795,"date":"2024-09-25T12:48:00","date_gmt":"2024-09-25T18:48:00","guid":{"rendered":"https:\/\/zonaroja.com.mx\/?p=72795"},"modified":"2024-09-25T07:51:35","modified_gmt":"2024-09-25T13:51:35","slug":"activistas-alertan-sobre-guardia-nacional-viola-el-derecho-que-actue-como-mp","status":"publish","type":"post","link":"https:\/\/zonaroja.com.mx\/?p=72795","title":{"rendered":"Activistas alertan sobre Guardia Nacional: \u2018Viola el derecho que actue como MP\u2019"},"content":{"rendered":"\n<p>Redacci\u00f3n\/Zona Roja Cdmx.<\/p>\n\n\n\n<p>Ciudad de M\u00e9xico, a 25 de septiembre de 2024.- Permitirle a la Guardia Nacional (GN) \u201crealizar, bajo la conducci\u00f3n y mando del Ministerio P\u00fablico, las investigaciones de los delitos cometidos\u201d va en contra del derecho internacional, reclam\u00f3 la organizaci\u00f3n Amnist\u00eda Internacional (AI).<\/p>\n\n\n\n<p>En un an\u00e1lisis de la reforma para que la Secretar\u00eda de la Defensa Nacional (Sedena) tome control sobre la GN, la organizaci\u00f3n reclam\u00f3 que estas acciones van en contra de los tratados de los que M\u00e9xico es parte.<\/p>\n\n\n\n<p>Reclam\u00f3 que el plan para que este cuerpo de seguridad participe en la investigaci\u00f3n de delitos y act\u00fae como auxiliar del Ministerio P\u00fablico, es riesgoso. \u201cEsta propuesta est\u00e1 en contra del derecho internacional que se\u00f1ala que las Fuerzas Armadas no deben involucrarse en acciones propias de la persecuci\u00f3n de delitos y administraci\u00f3n de justicia\u201d.<\/p>\n\n\n\n<p>Record\u00f3 que la Corte Interamericana de Derechos Humanos (Corte IDH) ha establecido l\u00edmites para que los cuerpos de seguridad no se involucren en las investigaciones.<\/p>\n\n\n\n<p>Sobre esto, la Corte IDH sentenci\u00f3 que esta debe ser \u201csubordinada y complementaria, a las labores de las corporaciones civiles, sin que sus labores puedan extenderse a las facultades propias de las instituciones de procuraci\u00f3n de justicia o polic\u00eda judicial o ministerial\u201d.<\/p>\n\n\n\n<p>AI asegur\u00f3 que el decreto que busca que la GN pase a la Sedena va en contra de la legislaci\u00f3n internacional e incluso del propio Tribunal Interamericano.<\/p>\n\n\n\n<p>\u201cLa adscripci\u00f3n de la GN a la Sedena va en contra de lo mandatado por la Corte IDH en su sentencia Caso Alvarado Espinoza y otros vs. M\u00e9xico\u201d, resalt\u00f3 la organizaci\u00f3n.<\/p>\n\n\n\n<p>Esto lo destac\u00f3 AI ya que con esta reforma, la Guardia pasar\u00eda a formar parte de la Sedena de forma permanente, lo que es contrario a la sentencia del tribunal interamericano.<\/p>\n\n\n\n<p>Esto ya que \u201cno se estar\u00eda empleando la participaci\u00f3n de Fuerzas Armadas de manera extraordinaria, excepcional, temporal y restringida a lo estrictamente necesario, ni se estar\u00eda subordinando a fuerzas policiales civiles ni fiscalizando adecuadamente\u201d.<\/p>\n\n\n\n<p>Asimismo, AI asever\u00f3 que la permanencia de Fuerzas Armadas en labores de seguridad ciudadana puede conllevar una potencial comisi\u00f3n de violaciones graves a derechos humanos.<\/p>\n\n\n\n<p>(Informaci\u00f3n de \u201cEl Financiero\u201d)<\/p>\n","protected":false},"excerpt":{"rendered":"<p>Redacci\u00f3n\/Zona Roja Cdmx. Ciudad de M\u00e9xico, a 25 de septiembre de 2024.- Permitirle a la&hellip;<\/p>\n","protected":false},"author":2,"featured_media":72145,"comment_status":"closed","ping_status":"open","sticky":false,"template":"","format":"standard","meta":{"_lmt_disableupdate":"","_lmt_disable":"","_jetpack_memberships_contains_paid_content":false,"footnotes":""},"categories":[109,47],"tags":[278],"class_list":["post-72795","post","type-post","status-publish","format-standard","has-post-thumbnail","hentry","category-minuto-a-minuto","category-zona-gris","tag-guardia-nacional"],"jetpack_featured_media_url":"https:\/\/zonaroja.com.mx\/wp-content\/uploads\/2024\/09\/Guardia-Nacional.jpg","jetpack_sharing_enabled":true,"_links":{"self":[{"href":"https:\/\/zonaroja.com.mx\/index.php?rest_route=\/wp\/v2\/posts\/72795","targetHints":{"allow":["GET"]}}],"collection":[{"href":"https:\/\/zonaroja.com.mx\/index.php?rest_route=\/wp\/v2\/posts"}],"about":[{"href":"https:\/\/zonaroja.com.mx\/index.php?rest_route=\/wp\/v2\/types\/post"}],"author":[{"embeddable":true,"href":"https:\/\/zonaroja.com.mx\/index.php?rest_route=\/wp\/v2\/users\/2"}],"replies":[{"embeddable":true,"href":"https:\/\/zonaroja.com.mx\/index.php?rest_route=%2Fwp%2Fv2%2Fcomments&post=72795"}],"version-history":[{"count":1,"href":"https:\/\/zonaroja.com.mx\/index.php?rest_route=\/wp\/v2\/posts\/72795\/revisions"}],"predecessor-version":[{"id":72796,"href":"https:\/\/zonaroja.com.mx\/index.php?rest_route=\/wp\/v2\/posts\/72795\/revisions\/72796"}],"wp:featuredmedia":[{"embeddable":true,"href":"https:\/\/zonaroja.com.mx\/index.php?rest_route=\/wp\/v2\/media\/72145"}],"wp:attachment":[{"href":"https:\/\/zonaroja.com.mx\/index.php?rest_route=%2Fwp%2Fv2%2Fmedia&parent=72795"}],"wp:term":[{"taxonomy":"category","embeddable":true,"href":"https:\/\/zonaroja.com.mx\/index.php?rest_route=%2Fwp%2Fv2%2Fcategories&post=72795"},{"taxonomy":"post_tag","embeddable":true,"href":"https:\/\/zonaroja.com.mx\/index.php?rest_route=%2Fwp%2Fv2%2Ftags&post=72795"}],"curies":[{"name":"wp","href":"https:\/\/api.w.org\/{rel}","templated":true}]}}