{"id":72800,"date":"2024-09-25T16:17:41","date_gmt":"2024-09-25T22:17:41","guid":{"rendered":"https:\/\/zonaroja.com.mx\/?p=72800"},"modified":"2024-09-25T17:20:21","modified_gmt":"2024-09-25T23:20:21","slug":"una-mujer-fallecida-un-individuo-desaparecido-y-9-pueblos-incomunicados-saldo-de-lluvias","status":"publish","type":"post","link":"https:\/\/zonaroja.com.mx\/?p=72800","title":{"rendered":"Una mujer fallecida, un individuo desaparecido y 9 pueblos incomunicados, saldo de lluvias"},"content":{"rendered":"\n<p>Raymundo Morales\/Zona Roja.<\/p>\n\n\n\n<p>Oaxaca de Ju\u00e1rez, Oax., a 25 de septiembre de 2024.- Una persona fallecida y otra m\u00e1s desaparecida, es el saldo preliminar de las intensas lluvias que se han registrado en Oaxaca en los \u00faltimos d\u00edas, principalmente por el paso del hurac\u00e1n \u201cJohn\u201d.<\/p>\n\n\n\n<p>En la localidad Llano Tigre, Santiago Amoltepec, municipio de la regi\u00f3n Sierra Sur, una femenina de 65 a\u00f1os de edad, identificada como Teresa L. Y., intent\u00f3 cruzar un r\u00edo crecido, pero fue arrastrada por la corriente.<\/p>\n\n\n\n<p>El cuerpo fue rescatado posteriormente por pobladores de la zona, mientras que se brind\u00f3 la ayuda a la familia de la mujer.<\/p>\n\n\n\n<p>Por otra parte, a 24 horas del reporte, a\u00fan no ha sido localizado un individuo que fue arrastrado por la corriente de un afluente, en la comunidad de San Jos\u00e9 del Pe\u00f1asco, municipio de Miahuatl\u00e1n de Porfirio D\u00edaz, en la regi\u00f3n Sierra Sur.<\/p>\n\n\n\n<p>La persona ha sido identificada como Herlindo G. G., y hasta el momento diversas corporaciones estatales y municipales, as\u00ed como pobladores, continuan con la b\u00fasqueda, pese a las inclemencias del tiempo.<\/p>\n\n\n\n<p>Mientras tanto, la Coordinaci\u00f3n Estatal de Protecci\u00f3n Civil confirmo esta tarde que son al menos nueve localidades incomunicadas, a causa del desbordamiento de r\u00edos e inundaciones en domicilios, en la regi\u00f3n de la Costa, principalmente en Pinotepa Nacional, Santiago Jamiltepec y Villa de Tututepec, a quienes se brinda auxilio.<\/p>\n","protected":false},"excerpt":{"rendered":"<p>Raymundo Morales\/Zona Roja. Oaxaca de Ju\u00e1rez, Oax., a 25 de septiembre de 2024.- Una persona&hellip;<\/p>\n","protected":false},"author":2,"featured_media":72801,"comment_status":"closed","ping_status":"open","sticky":false,"template":"","format":"standard","meta":{"_lmt_disableupdate":"","_lmt_disable":"","_jetpack_memberships_contains_paid_content":false,"footnotes":""},"categories":[109,47],"tags":[848],"class_list":["post-72800","post","type-post","status-publish","format-standard","has-post-thumbnail","hentry","category-minuto-a-minuto","category-zona-gris","tag-danos-lluvias-oaxaca"],"jetpack_featured_media_url":"https:\/\/zonaroja.com.mx\/wp-content\/uploads\/2024\/09\/Desaparecido-San-Jose-Penasco-Miahuatlan.jpeg","jetpack_sharing_enabled":true,"_links":{"self":[{"href":"https:\/\/zonaroja.com.mx\/index.php?rest_route=\/wp\/v2\/posts\/72800","targetHints":{"allow":["GET"]}}],"collection":[{"href":"https:\/\/zonaroja.com.mx\/index.php?rest_route=\/wp\/v2\/posts"}],"about":[{"href":"https:\/\/zonaroja.com.mx\/index.php?rest_route=\/wp\/v2\/types\/post"}],"author":[{"embeddable":true,"href":"https:\/\/zonaroja.com.mx\/index.php?rest_route=\/wp\/v2\/users\/2"}],"replies":[{"embeddable":true,"href":"https:\/\/zonaroja.com.mx\/index.php?rest_route=%2Fwp%2Fv2%2Fcomments&post=72800"}],"version-history":[{"count":2,"href":"https:\/\/zonaroja.com.mx\/index.php?rest_route=\/wp\/v2\/posts\/72800\/revisions"}],"predecessor-version":[{"id":72803,"href":"https:\/\/zonaroja.com.mx\/index.php?rest_route=\/wp\/v2\/posts\/72800\/revisions\/72803"}],"wp:featuredmedia":[{"embeddable":true,"href":"https:\/\/zonaroja.com.mx\/index.php?rest_route=\/wp\/v2\/media\/72801"}],"wp:attachment":[{"href":"https:\/\/zonaroja.com.mx\/index.php?rest_route=%2Fwp%2Fv2%2Fmedia&parent=72800"}],"wp:term":[{"taxonomy":"category","embeddable":true,"href":"https:\/\/zonaroja.com.mx\/index.php?rest_route=%2Fwp%2Fv2%2Fcategories&post=72800"},{"taxonomy":"post_tag","embeddable":true,"href":"https:\/\/zonaroja.com.mx\/index.php?rest_route=%2Fwp%2Fv2%2Ftags&post=72800"}],"curies":[{"name":"wp","href":"https:\/\/api.w.org\/{rel}","templated":true}]}}