{"id":72807,"date":"2024-09-25T21:43:52","date_gmt":"2024-09-26T03:43:52","guid":{"rendered":"https:\/\/zonaroja.com.mx\/?p=72807"},"modified":"2024-09-25T21:43:53","modified_gmt":"2024-09-26T03:43:53","slug":"emiten-alerta-en-oaxaca-por-tormenta-tropical-john","status":"publish","type":"post","link":"https:\/\/zonaroja.com.mx\/?p=72807","title":{"rendered":"Emiten alerta en Oaxaca por Tormenta Tropical \u201cJohn\u201d"},"content":{"rendered":"\n<p>Redacci\u00f3n\/Zona Roja.&nbsp;<\/p>\n\n\n\n<p>Oaxaca de Ju\u00e1rez, Oax., a 25 de septiembre de 2024.- El Consejo Estatal de Protecci\u00f3n Civil informa que la Tormenta Tropical \u201cJohn\u201d se encuentra frente a las costas de Guerrero, por ello, las regiones Costa, Sierra Sur y Mixteca se mantienen en alerta m\u00e1xima debido a las lluvias generadas en esas zonas.<\/p>\n\n\n\n<p>El fen\u00f3meno incrementa la velocidad del viento cerca de la costa de Guerrero; a las 18:00 horas de este mi\u00e9rcoles se localiz\u00f3 a 90 kil\u00f3metros (km) al sur-suroeste de Zihuatanejo, Guerrero y a 145 km al sureste de L\u00e1zaro C\u00e1rdenas, Michoac\u00e1n.<\/p>\n\n\n\n<p>Su desplazamiento es lento a siete kil\u00f3metros por hora con vientos m\u00e1ximos sostenidos de 95 km\/h y rachas de 110 km\/h, su amplia circulaci\u00f3n y bandas nubosas seguir\u00e1n generando eventos lluviosos extraordinarios y viento especialmente en las regiones Costa, Sierra Sur y Mixteca, as\u00ed como de intensidad variable en el resto de las regiones.<\/p>\n\n\n\n<p>La dependencia agrega que se espera que en la zona costera se presente oleaje anormal y posibles trombas marinas.<\/p>\n\n\n\n<p>Este fen\u00f3meno natural puede generar deslizamientos de laderas en zonas monta\u00f1osas, inundaciones y encharcamientos urbanos por insuficiencia de drenaje, ca\u00edda de \u00e1rboles, as\u00ed como desbordamientos de r\u00edos de respuesta r\u00e1pida y lenta.<\/p>\n\n\n\n<p>De igual manera se exhorta a la poblaci\u00f3n a atender las recomendaciones de Protecci\u00f3n Civil y Capitan\u00edas de Puerto, as\u00ed como a mantenerse informada de las condiciones meteorol\u00f3gicas a trav\u00e9s de los medios y redes sociales oficiales: Facebook @CEPCYGRGobOax y en X @CEPCyGR_GobOax.<\/p>\n","protected":false},"excerpt":{"rendered":"<p>Redacci\u00f3n\/Zona Roja.&nbsp; Oaxaca de Ju\u00e1rez, Oax., a 25 de septiembre de 2024.- El Consejo Estatal&hellip;<\/p>\n","protected":false},"author":2,"featured_media":72808,"comment_status":"closed","ping_status":"open","sticky":false,"template":"","format":"standard","meta":{"_lmt_disableupdate":"","_lmt_disable":"","_jetpack_memberships_contains_paid_content":false,"footnotes":""},"categories":[109,47],"tags":[4073],"class_list":["post-72807","post","type-post","status-publish","format-standard","has-post-thumbnail","hentry","category-minuto-a-minuto","category-zona-gris","tag-huracan-john"],"jetpack_featured_media_url":"https:\/\/zonaroja.com.mx\/wp-content\/uploads\/2024\/09\/En-alerta-maxima-regiones-de-Oaxaca-por-tormenta-tropical-John-3.jpeg","jetpack_sharing_enabled":true,"_links":{"self":[{"href":"https:\/\/zonaroja.com.mx\/index.php?rest_route=\/wp\/v2\/posts\/72807","targetHints":{"allow":["GET"]}}],"collection":[{"href":"https:\/\/zonaroja.com.mx\/index.php?rest_route=\/wp\/v2\/posts"}],"about":[{"href":"https:\/\/zonaroja.com.mx\/index.php?rest_route=\/wp\/v2\/types\/post"}],"author":[{"embeddable":true,"href":"https:\/\/zonaroja.com.mx\/index.php?rest_route=\/wp\/v2\/users\/2"}],"replies":[{"embeddable":true,"href":"https:\/\/zonaroja.com.mx\/index.php?rest_route=%2Fwp%2Fv2%2Fcomments&post=72807"}],"version-history":[{"count":1,"href":"https:\/\/zonaroja.com.mx\/index.php?rest_route=\/wp\/v2\/posts\/72807\/revisions"}],"predecessor-version":[{"id":72809,"href":"https:\/\/zonaroja.com.mx\/index.php?rest_route=\/wp\/v2\/posts\/72807\/revisions\/72809"}],"wp:featuredmedia":[{"embeddable":true,"href":"https:\/\/zonaroja.com.mx\/index.php?rest_route=\/wp\/v2\/media\/72808"}],"wp:attachment":[{"href":"https:\/\/zonaroja.com.mx\/index.php?rest_route=%2Fwp%2Fv2%2Fmedia&parent=72807"}],"wp:term":[{"taxonomy":"category","embeddable":true,"href":"https:\/\/zonaroja.com.mx\/index.php?rest_route=%2Fwp%2Fv2%2Fcategories&post=72807"},{"taxonomy":"post_tag","embeddable":true,"href":"https:\/\/zonaroja.com.mx\/index.php?rest_route=%2Fwp%2Fv2%2Ftags&post=72807"}],"curies":[{"name":"wp","href":"https:\/\/api.w.org\/{rel}","templated":true}]}}