{"id":72810,"date":"2024-09-25T21:52:36","date_gmt":"2024-09-26T03:52:36","guid":{"rendered":"https:\/\/zonaroja.com.mx\/?p=72810"},"modified":"2024-09-25T21:52:38","modified_gmt":"2024-09-26T03:52:38","slug":"enfrentamiento-con-crimen-organizado-deja-11-muertos-en-nl","status":"publish","type":"post","link":"https:\/\/zonaroja.com.mx\/?p=72810","title":{"rendered":"Enfrentamiento con crimen organizado deja 11 muertos en NL"},"content":{"rendered":"\n<p>Redacci\u00f3n\/Zona Roja Cdmx.<\/p>\n\n\n\n<p>Ciudad de M\u00e9xico, a 25 de septiembre de 2024.- Durante el mi\u00e9rcoles 25 de septiembre fue reportado un enfrentamiento armado en General Ter\u00e1n, Nuevo Le\u00f3n.&nbsp;<\/p>\n\n\n\n<p>Los primeros informes se\u00f1alan que como consecuencia de dicho enfrentamiento una docena de civiles armados fueron asesinados, pero una tarjeta preliminar de Fuerza Civil confirm\u00f3 11 personas abatidas.<\/p>\n\n\n\n<p>De igual manera, las autoridades confirmaron el aseguramiento de seis camionetas adem\u00e1s de que fueron incautadas 11 armas largas, equipo t\u00e1ctico, cargadores de arma larga y radiofrecuencias.&nbsp;<\/p>\n\n\n\n<p>Hasta el momento hay una persona detenida. Si bien el reporte se\u00f1ala que las personas estar\u00edan ligadas con una c\u00e9lula criminal, no se menciona un nombre en especifico.<\/p>\n\n\n\n<p>Fuentes de seguridad se\u00f1alaron a Infobae M\u00e9xico que los agresores forman parte de un c\u00e1rtel con presencia en otro estado. \u201cEn el Ejido El Carrizo, en el municipio de Los Ramones se realiz\u00f3 la detenci\u00f3n de Alejandro \u201cN\u201d, de 30 a\u00f1os de edad\u201d, detallaron las autoridades<\/p>\n\n\n\n<p>En total fueron cuatro helic\u00f3pteros los que apoyaron desde el aire, seg\u00fan comparti\u00f3 Fuerza Civil. Una grabaci\u00f3n compartida a trav\u00e9s de redes sociales capt\u00f3 el momento en el que sobrevuela un helic\u00f3ptero y ocurren intensas detonaciones.<\/p>\n\n\n\n<p>Los uniformados recibieron el reporte de un convoy con sujetos armados que circulaba por Cerralvo con direcci\u00f3n a Los Ramones.<\/p>\n\n\n\n<p>\u201cPor tierra, personal se aproxim\u00f3 al lugar y se localiz\u00f3 una zona rural con factibilidad de operaci\u00f3n\u201d, es parte del informe.<\/p>\n\n\n\n<p>Cabe destacar que no hay personal de seguridad herido tras los hechos violentos, por el momento contin\u00faan las operaciones de rastreo en la zona, la cual permanece bajo control, seg\u00fan reportan las autoridades.&nbsp;<\/p>\n\n\n\n<p>Las im\u00e1genes compartidas en redes sociales muestran que el enfrentamiento habr\u00eda sucedido durante la tarde, pero el informe no detalla las horas en que sucedi\u00f3.<\/p>\n\n\n\n<p>Otra de las im\u00e1genes que circul\u00f3 redes sociales muestra un veh\u00edculo da\u00f1ado por el fuego, as\u00ed como la presencia de agentes de seguridad en el sitio.<\/p>\n\n\n\n<p>Mientras que horas antes, durante la madrugada del mi\u00e9rcoles, sujetos accionaron sus armas contra la Comandancia de la Polic\u00eda de General Ter\u00e1n, lo cual dej\u00f3 \u00fanicamente da\u00f1os materiales. Sobre estos hechos el secretario de Seguridad P\u00fablica de General Ter\u00e1n, Comandante Felipe Barush coment\u00f3:<\/p>\n\n\n\n<p>\u201cHoy en la madrugada, como a las cuatro y media de la ma\u00f1ana, tuvimos la presencia de civiles armados. Alrededor de la comandancia estaba una camioneta pick up blanca con civiles armados los cuales hicieron detonaciones en contra de la fachada. compa\u00f1eros lograron repeler la agresi\u00f3n huyendo estas perosnas con rumbo al municipio de China. Estamos trabajando en coordinaci\u00f3n con tres niveles de gobierno, con Guardia Nacional, Ej\u00e9rcito\u201d<\/p>\n\n\n\n<p>En el mapa C\u00e1rteles Regionales (incluido en el documento Estrategia de Seguridad de los Primeros 100 D\u00edas) se puede ver que los estados cercanos a Nuevo Le\u00f3n -Coahuila y Tamaulipas- cuentan con la presencia del C\u00e1rtel de Sinaloa y el C\u00e1rtel del Noreste.<\/p>\n","protected":false},"excerpt":{"rendered":"<p>Redacci\u00f3n\/Zona Roja Cdmx. Ciudad de M\u00e9xico, a 25 de septiembre de 2024.- Durante el mi\u00e9rcoles&hellip;<\/p>\n","protected":false},"author":2,"featured_media":72811,"comment_status":"closed","ping_status":"open","sticky":false,"template":"","format":"standard","meta":{"_lmt_disableupdate":"","_lmt_disable":"","_jetpack_memberships_contains_paid_content":false,"footnotes":""},"categories":[109,47],"tags":[3476],"class_list":["post-72810","post","type-post","status-publish","format-standard","has-post-thumbnail","hentry","category-minuto-a-minuto","category-zona-gris","tag-nuevo-leon"],"jetpack_featured_media_url":"https:\/\/zonaroja.com.mx\/wp-content\/uploads\/2024\/09\/Enfrentamiento-Nuevo-Leon.jpg.avif","jetpack_sharing_enabled":true,"_links":{"self":[{"href":"https:\/\/zonaroja.com.mx\/index.php?rest_route=\/wp\/v2\/posts\/72810","targetHints":{"allow":["GET"]}}],"collection":[{"href":"https:\/\/zonaroja.com.mx\/index.php?rest_route=\/wp\/v2\/posts"}],"about":[{"href":"https:\/\/zonaroja.com.mx\/index.php?rest_route=\/wp\/v2\/types\/post"}],"author":[{"embeddable":true,"href":"https:\/\/zonaroja.com.mx\/index.php?rest_route=\/wp\/v2\/users\/2"}],"replies":[{"embeddable":true,"href":"https:\/\/zonaroja.com.mx\/index.php?rest_route=%2Fwp%2Fv2%2Fcomments&post=72810"}],"version-history":[{"count":1,"href":"https:\/\/zonaroja.com.mx\/index.php?rest_route=\/wp\/v2\/posts\/72810\/revisions"}],"predecessor-version":[{"id":72812,"href":"https:\/\/zonaroja.com.mx\/index.php?rest_route=\/wp\/v2\/posts\/72810\/revisions\/72812"}],"wp:featuredmedia":[{"embeddable":true,"href":"https:\/\/zonaroja.com.mx\/index.php?rest_route=\/wp\/v2\/media\/72811"}],"wp:attachment":[{"href":"https:\/\/zonaroja.com.mx\/index.php?rest_route=%2Fwp%2Fv2%2Fmedia&parent=72810"}],"wp:term":[{"taxonomy":"category","embeddable":true,"href":"https:\/\/zonaroja.com.mx\/index.php?rest_route=%2Fwp%2Fv2%2Fcategories&post=72810"},{"taxonomy":"post_tag","embeddable":true,"href":"https:\/\/zonaroja.com.mx\/index.php?rest_route=%2Fwp%2Fv2%2Ftags&post=72810"}],"curies":[{"name":"wp","href":"https:\/\/api.w.org\/{rel}","templated":true}]}}