{"id":72813,"date":"2024-09-26T07:55:00","date_gmt":"2024-09-26T13:55:00","guid":{"rendered":"https:\/\/zonaroja.com.mx\/?p=72813"},"modified":"2024-09-26T06:58:20","modified_gmt":"2024-09-26T12:58:20","slug":"congreso-de-oaxaca-avala-minutas-sobre-guardia-nacional-y-reforma-indigena","status":"publish","type":"post","link":"https:\/\/zonaroja.com.mx\/?p=72813","title":{"rendered":"Congreso de Oaxaca avala minutas sobre Guardia Nacional y reforma ind\u00edgena\u00a0"},"content":{"rendered":"\n<p>Redacci\u00f3n\/Zona Roja.<\/p>\n\n\n\n<p>Oaxaca de Ju\u00e1rez, Oax., a 26 de septiembre de 2024.- Con 34 votos a favor y dos en contra, el Congreso de Oaxaca respald\u00f3 la reforma a la Constituci\u00f3n de M\u00e9xico, en materia de Guardia Nacional, aprobada por el Congreso de la Uni\u00f3n.<\/p>\n\n\n\n<p>Ayer mi\u00e9rcoles, el pleno discuti\u00f3 y aprob\u00f3 el dictamen respectivo luego de que el Senado de la Rep\u00fablica lo aval\u00f3 en lo general y en lo particular, y lo remiti\u00f3 a las legislaturas estatales.<\/p>\n\n\n\n<p>Lo anterior, para el cumplimiento del art\u00edculo 135 de la Constituci\u00f3n Pol\u00edtica de los Estados Unidos Mexicanos, el cual establece que adem\u00e1s de la aprobaci\u00f3n en el Congreso de la Uni\u00f3n se requiere del aval de la mayor\u00eda absoluta de los Congresos de los estados del pa\u00eds, en los asuntos de modificaciones o adiciones a la Carta Magna.<\/p>\n\n\n\n<p>Con la minuta con proyecto de decreto aprobada, se reforman, adicionan y derogan los art\u00edculos 13, 16, 21, 32, 55, 73, 76, 78, 82, 89, 123 y 129 de la Constituci\u00f3n de M\u00e9xico, para definir a la Guardia Nacional como una instituci\u00f3n de seguridad p\u00fablica profesional, integrada por personal militar con formaci\u00f3n policial, dependiente de la Secretar\u00eda de la Defensa Nacional (Sedena).&nbsp;<\/p>\n\n\n\n<p>Tambi\u00e9n para facultar a la Guardia Nacional en la funci\u00f3n de investigaci\u00f3n de los delitos; as\u00ed como para establecer que la titular de la Presidencia de la Rep\u00fablica ser\u00e1 quien designe a la persona titular de la Comandancia de dicha instituci\u00f3n de seguridad.<\/p>\n\n\n\n<p>Asimismo, se transfieren a la Secretar\u00eda de la Defensa Nacional los recursos presupuestarios y financieros que correspondan para cubrir las erogaciones por concepto de servicios personales de la \u00faltima plantilla general de plazas aprobada a la extinta Polic\u00eda Federal y de confianza.<\/p>\n\n\n\n<p>As\u00ed como los gastos de operaci\u00f3n de la Guardia Nacional y los recursos materiales destinados a su operaci\u00f3n, con excepci\u00f3n de aquellos requeridos para el personal que continuar\u00e1, bajo la adscripci\u00f3n de la Secretar\u00eda del ramo de Seguridad P\u00fablica.&nbsp;<\/p>\n\n\n\n<p>REFORMA IND\u00cdGENA<\/p>\n\n\n\n<p>Por otra parte, y despu\u00e9s de su an\u00e1lisis y discusi\u00f3n, el Congreso de Oaxaca aprob\u00f3 con 35 votos a favor, en lo general y en lo particular, la reforma constitucional sobre pueblos ind\u00edgenas y afromexicanos, aprobada por el Congreso de la Uni\u00f3n.<\/p>\n\n\n\n<p>En sesi\u00f3n extraordinaria, el pleno de la 65 Legislatura local aval\u00f3 la minuta con proyecto de decreto por el que se reforma, adiciona y deroga el art\u00edculo 2 de la Constituci\u00f3n Pol\u00edtica de los Estados Unidos Mexicanos, mediante la cual se establece la participaci\u00f3n efectiva de las comunidades ind\u00edgenas y afromexicanas en las decisiones que afectan sus territorios y recursos.<\/p>\n","protected":false},"excerpt":{"rendered":"<p>Redacci\u00f3n\/Zona Roja. Oaxaca de Ju\u00e1rez, Oax., a 26 de septiembre de 2024.- Con 34 votos&hellip;<\/p>\n","protected":false},"author":2,"featured_media":72815,"comment_status":"closed","ping_status":"open","sticky":false,"template":"","format":"standard","meta":{"_lmt_disableupdate":"","_lmt_disable":"","_jetpack_memberships_contains_paid_content":false,"footnotes":""},"categories":[109,46],"tags":[2743],"class_list":["post-72813","post","type-post","status-publish","format-standard","has-post-thumbnail","hentry","category-minuto-a-minuto","category-zona-blanca","tag-65-legislatura-del-estado-de-oaxaca"],"jetpack_featured_media_url":"https:\/\/zonaroja.com.mx\/wp-content\/uploads\/2024\/09\/Respalda-Congreso-de-Oaxaca-reforma-constitucional-en-materia-de-Guardia-Nacional.jpeg","jetpack_sharing_enabled":true,"_links":{"self":[{"href":"https:\/\/zonaroja.com.mx\/index.php?rest_route=\/wp\/v2\/posts\/72813","targetHints":{"allow":["GET"]}}],"collection":[{"href":"https:\/\/zonaroja.com.mx\/index.php?rest_route=\/wp\/v2\/posts"}],"about":[{"href":"https:\/\/zonaroja.com.mx\/index.php?rest_route=\/wp\/v2\/types\/post"}],"author":[{"embeddable":true,"href":"https:\/\/zonaroja.com.mx\/index.php?rest_route=\/wp\/v2\/users\/2"}],"replies":[{"embeddable":true,"href":"https:\/\/zonaroja.com.mx\/index.php?rest_route=%2Fwp%2Fv2%2Fcomments&post=72813"}],"version-history":[{"count":1,"href":"https:\/\/zonaroja.com.mx\/index.php?rest_route=\/wp\/v2\/posts\/72813\/revisions"}],"predecessor-version":[{"id":72816,"href":"https:\/\/zonaroja.com.mx\/index.php?rest_route=\/wp\/v2\/posts\/72813\/revisions\/72816"}],"wp:featuredmedia":[{"embeddable":true,"href":"https:\/\/zonaroja.com.mx\/index.php?rest_route=\/wp\/v2\/media\/72815"}],"wp:attachment":[{"href":"https:\/\/zonaroja.com.mx\/index.php?rest_route=%2Fwp%2Fv2%2Fmedia&parent=72813"}],"wp:term":[{"taxonomy":"category","embeddable":true,"href":"https:\/\/zonaroja.com.mx\/index.php?rest_route=%2Fwp%2Fv2%2Fcategories&post=72813"},{"taxonomy":"post_tag","embeddable":true,"href":"https:\/\/zonaroja.com.mx\/index.php?rest_route=%2Fwp%2Fv2%2Ftags&post=72813"}],"curies":[{"name":"wp","href":"https:\/\/api.w.org\/{rel}","templated":true}]}}