{"id":7282,"date":"2020-01-04T07:39:32","date_gmt":"2020-01-04T13:39:32","guid":{"rendered":"http:\/\/www.zonaroja.com.mx\/?p=7282"},"modified":"2020-01-04T07:39:38","modified_gmt":"2020-01-04T13:39:38","slug":"tercera-guerra-mundial-iran-amenaza-con-venganza-por-ataque-de-eu","status":"publish","type":"post","link":"https:\/\/zonaroja.com.mx\/?p=7282","title":{"rendered":"\u00bfTercera Guerra Mundial? Ir\u00e1n amenaza con venganza por ataque de EU"},"content":{"rendered":"\n<p>Redacci\u00f3n\/Zona\nRoja Cdmx.<\/p>\n\n\n\n<p>Ciudad\nde M\u00e9xico, 4 de enero de 2020.- Un nuevo ataque a\u00e9reo estadunidense mat\u00f3 ayer a\ncinco miembros de las Fuerzas de Movilizaci\u00f3n Popular (Hashd al Shaabi), una\ncoalici\u00f3n de paramilitares proiran\u00edes, al norte de Bagdad, apenas un d\u00eda\ndespu\u00e9s del asesinato del general iran\u00ed Qasem Soleimani y de un jefe de dicha\nfuerza paramilitar, informaron la televisi\u00f3n p\u00fablica y fuentes de seguridad.<\/p>\n\n\n\n<p>De\nacuerdo con una publicaci\u00f3n del diario \u201cLa Jornada\u201d, el ataque contra el convoy\nde m\u00e9dicos de la milicia Hashd al Shaabi tuvo lugar cerca del estadio de Taji\nen Bagdad, indic\u00f3 en un comunicado la milicia chi\u00edta. Ning\u00fan alto cargo se vio\nafectado, a\u00f1adi\u00f3 el texto, al refutar los informes de prensa que dec\u00edan que\njefes de la milicia murieron en el ataque.<\/p>\n\n\n\n<p>Soleimani,\nde 62 a\u00f1os, muri\u00f3 el viernes por el bombardeo desde un dron contra el coche en\nel que viajaba. En el ataque, a las afueras del aeropuerto de Bagdad, murieron\notras ocho personas, entre ellas Abu Mehdi al Muhandis, n\u00famero dos de las\nFuerzas de Movilizaci\u00f3n Popular, una coalici\u00f3n de paramilitares\nmayoritariamente proiran\u00edes integrados en el Estado iraqu\u00ed.<\/p>\n\n\n\n<p>Soleimani\nera el jefe de la fuerza Al Qods, encargada de las operaciones exteriores de la\nmilicia de los Guardianes de la Revoluci\u00f3n, ej\u00e9rcito ideol\u00f3gico iran\u00ed, y ten\u00eda\nun papel clave en el conflicto en Siria e Irak. Por m\u00e1s de dos d\u00e9cadas estuvo\nal frente de los proyectos para aumentar la influencia militar de la rep\u00fablica\nisl\u00e1mica en Medio Oriente, adquiriendo el estatus de celebridad en Ir\u00e1n y el\nexterior.<\/p>\n\n\n\n<p>La\ninformaci\u00f3n de \u201cLa Jornada\u201d a\u00f1ade que Ir\u00e1n y las naciones libres de la regi\u00f3n\nse vengar\u00e1n de Estados Unidos tras el asesinato del general Soleimani, prometi\u00f3\nayer el presidente iran\u00ed, Hasan Rohani.<\/p>\n\n\n\n<p>\u201cNo\nhay ninguna duda sobre el hecho de que la gran naci\u00f3n de Ir\u00e1n y las otras\nnaciones libres de la regi\u00f3n se vengar\u00e1n por este horrible crimen de Estados\nUnidos\u201d, declar\u00f3 Rohani en un comunicado publicado por la p\u00e1gina web del\ngobierno.<\/p>\n\n\n\n<p>\u201cEl\nasesinato de Soleimani, por orden del presidente Donald Trump, es una escalada\nextremadamente peligrosa e imprudente\u201d, advirti\u00f3 el ministro de Relaciones\nExteriores iran\u00ed, Mohamad Javad Zarif.<\/p>\n\n\n\n<p>Zarif\nasegur\u00f3 que el general dirig\u00eda la fuerza m\u00e1s efectiva que lucha contra Estado\nIsl\u00e1mico, el Frente al Nusra y Al Qaeda y calific\u00f3 el ataque de terrorismo\ninternacional.<\/p>\n\n\n\n<p>La\ndiplomacia iran\u00ed convoc\u00f3 al responsable de la embajada suiza, que representa a\nlos intereses de Estados Unidos en Teher\u00e1n, en ausencia de v\u00ednculos\ndiplom\u00e1ticos entre Washington y Teher\u00e1n.<\/p>\n\n\n\n<p>El\ngu\u00eda supremo de Ir\u00e1n, el ayatol\u00e1 Ali Jamenei, se comprometi\u00f3 a vengar la muerte\nde Soleimani y decret\u00f3 tres d\u00edas de duelo nacional en su pa\u00eds.<\/p>\n\n\n\n<p>\u201cEl\nmartirio es la recompensa de su incansable trabajo durante todos estos a\u00f1os. Si\nDios quiere, su obra y su camino no se detendr\u00e1n all\u00ed, y una venganza\nimplacable espera a los criminales que han llenado sus manos con su sangre y la\nde los otros m\u00e1rtires\u201d, tuite\u00f3 el ayatol\u00e1.<\/p>\n\n\n\n<p>Jamenei\nanunci\u00f3 posteriormente a un sustituto de Soleimani al frente de Al Qods, el\nbrigadier general Esmail Qaani.<\/p>\n\n\n\n<p>Los\nGuardianes de la Revoluci\u00f3n afirmaron que los grupos antiestadunidenses\nbuscar\u00e1n una venganza en todo el mundo musulm\u00e1n.<\/p>\n\n\n\n<p>Los\nguardianes y la resistencia van a iniciar un nuevo cap\u00edtulo a partir de hoy. La\nbreve alegr\u00eda de los estadunidenses y los sionistas se convertir\u00e1 en duelo,\nafirm\u00f3 su vocero, Ramez\u00e1n Sharif, a la televisi\u00f3n estatal.<\/p>\n\n\n\n<p>El\nConsejo Supremo de Seguridad Nacional iran\u00ed asegur\u00f3 que Soleimani, quien era\nconsiderado el segundo l\u00edder m\u00e1s influyente del pa\u00eds, despu\u00e9s de Jamenei, era\nun glorioso general y el ataque estadunidense ser\u00e1 contestado en el momento y\nlugar apropiado.<\/p>\n\n\n\n<p>Irak,\natrapado entre el conflicto entre sus dos aliados, Washington y Teher\u00e1n,\nexpres\u00f3 el temor de que se produzca una guerra devastadora, seg\u00fan el primer\nministro iraqu\u00ed saliente, Adel Abdel Mahdi, quien calific\u00f3 el ataque como una\nflagrante violaci\u00f3n de su acuerdo de seguridad con Estados Unidos.<\/p>\n\n\n\n<p>Empleados\nestadunidenses en el sector petrolero iraqu\u00ed abandonaron ese pa\u00eds, que desde\nhace meses vive desgarrado por una revuelta popular contra el gobierno y la\nclase pol\u00edtica, acusada de corrupci\u00f3n.<\/p>\n\n\n\n<p>Decenas\nde miles de iran\u00edes tomaron las calles de Teher\u00e1n para protestar contra Estados\nUnidos, y llaman a vengar al asesinato del general iran\u00ed.<\/p>\n\n\n\n<p>(Con\ninformaci\u00f3n de \u201cLa Jornada\u201d)<\/p>\n","protected":false},"excerpt":{"rendered":"<p>Redacci\u00f3n\/Zona Roja Cdmx. Ciudad de M\u00e9xico, 4 de enero de 2020.- Un nuevo ataque a\u00e9reo&hellip;<\/p>\n","protected":false},"author":2,"featured_media":7283,"comment_status":"closed","ping_status":"open","sticky":false,"template":"","format":"standard","meta":{"_lmt_disableupdate":"","_lmt_disable":"","_jetpack_memberships_contains_paid_content":false,"footnotes":""},"categories":[109,51],"tags":[1230],"class_list":["post-7282","post","type-post","status-publish","format-standard","has-post-thumbnail","hentry","category-minuto-a-minuto","category-zona-roja","tag-conflicto-iran-estados-unidos"],"jetpack_featured_media_url":"https:\/\/zonaroja.com.mx\/wp-content\/uploads\/2020\/01\/Ir\u00e1n.jpg","jetpack_sharing_enabled":true,"_links":{"self":[{"href":"https:\/\/zonaroja.com.mx\/index.php?rest_route=\/wp\/v2\/posts\/7282","targetHints":{"allow":["GET"]}}],"collection":[{"href":"https:\/\/zonaroja.com.mx\/index.php?rest_route=\/wp\/v2\/posts"}],"about":[{"href":"https:\/\/zonaroja.com.mx\/index.php?rest_route=\/wp\/v2\/types\/post"}],"author":[{"embeddable":true,"href":"https:\/\/zonaroja.com.mx\/index.php?rest_route=\/wp\/v2\/users\/2"}],"replies":[{"embeddable":true,"href":"https:\/\/zonaroja.com.mx\/index.php?rest_route=%2Fwp%2Fv2%2Fcomments&post=7282"}],"version-history":[{"count":1,"href":"https:\/\/zonaroja.com.mx\/index.php?rest_route=\/wp\/v2\/posts\/7282\/revisions"}],"predecessor-version":[{"id":7284,"href":"https:\/\/zonaroja.com.mx\/index.php?rest_route=\/wp\/v2\/posts\/7282\/revisions\/7284"}],"wp:featuredmedia":[{"embeddable":true,"href":"https:\/\/zonaroja.com.mx\/index.php?rest_route=\/wp\/v2\/media\/7283"}],"wp:attachment":[{"href":"https:\/\/zonaroja.com.mx\/index.php?rest_route=%2Fwp%2Fv2%2Fmedia&parent=7282"}],"wp:term":[{"taxonomy":"category","embeddable":true,"href":"https:\/\/zonaroja.com.mx\/index.php?rest_route=%2Fwp%2Fv2%2Fcategories&post=7282"},{"taxonomy":"post_tag","embeddable":true,"href":"https:\/\/zonaroja.com.mx\/index.php?rest_route=%2Fwp%2Fv2%2Ftags&post=7282"}],"curies":[{"name":"wp","href":"https:\/\/api.w.org\/{rel}","templated":true}]}}