{"id":72822,"date":"2024-09-26T09:15:00","date_gmt":"2024-09-26T15:15:00","guid":{"rendered":"https:\/\/zonaroja.com.mx\/?p=72822"},"modified":"2024-09-26T08:23:18","modified_gmt":"2024-09-26T14:23:18","slug":"asesinan-a-otra-persona-en-tlacolula-suman-dos-en-un-dia","status":"publish","type":"post","link":"https:\/\/zonaroja.com.mx\/?p=72822","title":{"rendered":"Asesinan a otra persona en Tlacolula; suman dos en un d\u00eda"},"content":{"rendered":"\n<p>Ismael Garc\u00eda M.\/Zona Roja.<\/p>\n\n\n\n<p>Oaxaca de Ju\u00e1rez, Oax., a 26 de septiembre de 2024.- Otra persona del sexo masculino fue asesinada este mi\u00e9rcoles en Tlacolula de Matamoros, municipio de la regi\u00f3n Valles Centrales de Oaxaca.<\/p>\n\n\n\n<p>El crimen ocurri\u00f3 anoche en la cabecera municipal, detr\u00e1s de un recinto religioso, en que sujetos desconocidos dispararon en contra de Juan M. A. H., de 44 a\u00f1os de edad.<\/p>\n\n\n\n<p>Hasta el momento no hay personas detenidas por este crimen, perpetrado con arma de fuego.<\/p>\n\n\n\n<p>Horas antes, tambi\u00e9n en jurisdicci\u00f3n de Tlacolula de Matamoros, fue asesinado a balazos el profesor \u00d3scar M. C., quien impart\u00eda clases en la escuela primaria \u201cRufino Tamayo\u201d.<\/p>\n\n\n\n<p>Fue acribillado a un costado de una unidad de motor, junto a la carretera Internacional 190, inmediaciones del fraccionamiento Rancho Valles del Lago y recibi\u00f3 al menos ocho impactos de arma de fuego.<\/p>\n\n\n\n<p>Por este caso, la Secci\u00f3n 22 del Sindicato Nacional de Trabajadores de la Educaci\u00f3n (SNTE) demand\u00f3 esclarecimiento de los hechos y justicia para el docente.<\/p>\n\n\n\n<p>Hasta el momento se desconocen las causas por las cuales fue ultimado a balazos y una de las l\u00edneas de investigaci\u00f3n est\u00e1 relacionada con un sindicato de transportistas.<\/p>\n","protected":false},"excerpt":{"rendered":"<p>Ismael Garc\u00eda M.\/Zona Roja. Oaxaca de Ju\u00e1rez, Oax., a 26 de septiembre de 2024.- Otra&hellip;<\/p>\n","protected":false},"author":2,"featured_media":72814,"comment_status":"closed","ping_status":"open","sticky":false,"template":"","format":"standard","meta":{"_lmt_disableupdate":"","_lmt_disable":"","_jetpack_memberships_contains_paid_content":false,"footnotes":""},"categories":[109,51],"tags":[127],"class_list":["post-72822","post","type-post","status-publish","format-standard","has-post-thumbnail","hentry","category-minuto-a-minuto","category-zona-roja","tag-tlacolula-de-matamoros"],"jetpack_featured_media_url":"https:\/\/zonaroja.com.mx\/wp-content\/uploads\/2024\/09\/Asesinado-Tlacolula-1.jpeg","jetpack_sharing_enabled":true,"_links":{"self":[{"href":"https:\/\/zonaroja.com.mx\/index.php?rest_route=\/wp\/v2\/posts\/72822","targetHints":{"allow":["GET"]}}],"collection":[{"href":"https:\/\/zonaroja.com.mx\/index.php?rest_route=\/wp\/v2\/posts"}],"about":[{"href":"https:\/\/zonaroja.com.mx\/index.php?rest_route=\/wp\/v2\/types\/post"}],"author":[{"embeddable":true,"href":"https:\/\/zonaroja.com.mx\/index.php?rest_route=\/wp\/v2\/users\/2"}],"replies":[{"embeddable":true,"href":"https:\/\/zonaroja.com.mx\/index.php?rest_route=%2Fwp%2Fv2%2Fcomments&post=72822"}],"version-history":[{"count":1,"href":"https:\/\/zonaroja.com.mx\/index.php?rest_route=\/wp\/v2\/posts\/72822\/revisions"}],"predecessor-version":[{"id":72823,"href":"https:\/\/zonaroja.com.mx\/index.php?rest_route=\/wp\/v2\/posts\/72822\/revisions\/72823"}],"wp:featuredmedia":[{"embeddable":true,"href":"https:\/\/zonaroja.com.mx\/index.php?rest_route=\/wp\/v2\/media\/72814"}],"wp:attachment":[{"href":"https:\/\/zonaroja.com.mx\/index.php?rest_route=%2Fwp%2Fv2%2Fmedia&parent=72822"}],"wp:term":[{"taxonomy":"category","embeddable":true,"href":"https:\/\/zonaroja.com.mx\/index.php?rest_route=%2Fwp%2Fv2%2Fcategories&post=72822"},{"taxonomy":"post_tag","embeddable":true,"href":"https:\/\/zonaroja.com.mx\/index.php?rest_route=%2Fwp%2Fv2%2Ftags&post=72822"}],"curies":[{"name":"wp","href":"https:\/\/api.w.org\/{rel}","templated":true}]}}