{"id":72835,"date":"2024-09-26T19:07:23","date_gmt":"2024-09-27T01:07:23","guid":{"rendered":"https:\/\/zonaroja.com.mx\/?p=72835"},"modified":"2024-09-26T19:07:25","modified_gmt":"2024-09-27T01:07:25","slug":"rinden-informe-legislativo-diputados-horacio-sosa-villavicencio-y-cesar-mateos-benitez","status":"publish","type":"post","link":"https:\/\/zonaroja.com.mx\/?p=72835","title":{"rendered":"Rinden informe legislativo diputados Horacio Sosa Villavicencio y C\u00e9sar Mateos Ben\u00edtez"},"content":{"rendered":"\n<p>Redacci\u00f3n\/Zona Roja.<\/p>\n\n\n\n<p>San Raymundo Jalpan, Oax., a 26 de septiembre de 2024.- Como parte de su labor de rendici\u00f3n de cuentas, los diputados C\u00e9sar David Mateos Ben\u00edtez y Horacio Sosa Villavicencio, del Grupo Parlamentario de Morena, rindieron su informe de actividades legislativas correspondiente al tercer a\u00f1o de trabajo de la 65 Legislatura del Congreso de Oaxaca.<\/p>\n\n\n\n<p>El congresista Sosa Villavicencio inform\u00f3 que present\u00f3 160 iniciativas entre reformas y exhortos, priorizando temas alimentarios y del cuidado del medio ambiente, de las cuales 70 fueron aprobadas por el pleno.<\/p>\n\n\n\n<p>Como parte de sus iniciativas se encuentra el rescate del ma\u00edz para evitar el uso de transg\u00e9nicos y alimentos cultivados con glifosato y agroqu\u00edmicos que resultan nocivos para la salud, as\u00ed como la reforma para castigar a quienes hagan uso de avionetas para dispersar las lluvias, afectando a agricultores oaxaque\u00f1os.<\/p>\n\n\n\n<p>Por su parte, el legislador Mateos Ben\u00edtez destac\u00f3 dentro de su trabajo legislativo la presentaci\u00f3n de 73 proposiciones con punto de acuerdo y 46 iniciativas con proyecto de decreto como reformas y leyes.<\/p>\n\n\n\n<p>Para garantizar el derecho a la salud, a la vida y a un medio ambiente sano, propuso diversas reformas a la Ley General para la Prevenci\u00f3n y la Gesti\u00f3n Integral de los Residuos S\u00f3lidos; a la Ley General de Equilibrio Ecol\u00f3gico y la Protecci\u00f3n al Medio Ambiente; y a la Ley Org\u00e1nica Municipal del Estado de Oaxaca, para establecer restricciones en los envases desechables de pl\u00e1stico y evitar su descarga en lugares no autorizados.<\/p>\n\n\n\n<p>Destaca tambi\u00e9n la reforma a la Ley de Movilidad para obligar a los concesionarios del transporte p\u00fablico a cumplir con todas las normas establecidas por la ley y dotar de herramientas a la Polic\u00eda Vial para que puedan decomisar y encerrar las unidades que infrinjan el reglamento de tr\u00e1nsito.<\/p>\n\n\n\n<p>Esta actividad de rendici\u00f3n de cuentas, la atestigu\u00f3 el presidente de la Junta de Coordinaci\u00f3n Pol\u00edtica de la LXV Legislatura local, Sergio L\u00f3pez S\u00e1nchez, quien reconoci\u00f3 el trabajo legislativo de sus compa\u00f1eros, resaltando su labor para lograr la justicia social que demandan los pueblos de Oaxaca.<\/p>\n\n\n\n<p>\u00abA nombre de esta LXV Legislatura de la cual formamos parte, quiero felicitar a mis compa\u00f1eros por este tercer informe de actividades legislativas, deseamos que sigan contribuyendo para el fortalecimiento del marco constitucional de nuestro querido Oaxaca, pero, sobre todo, que se siga contribuyendo para lograr la justicia por la que siempre hemos luchado, que queremos y anhelamos las y los oaxaque\u00f1os\u00bb, declar\u00f3 el tambi\u00e9n coordinador del Grupo Parlamentario de Morena.<\/p>\n\n\n\n<p>Durante el informe realizado en el recinto legislativo, asistieron ciudadanas y ciudadanos, as\u00ed como autoridades gubernamentales, y el titular de la Fiscal\u00eda General del Estado de Oaxaca, Jos\u00e9 Bernardo Rodr\u00edguez Alamilla.&nbsp;<\/p>\n","protected":false},"excerpt":{"rendered":"<p>Redacci\u00f3n\/Zona Roja. San Raymundo Jalpan, Oax., a 26 de septiembre de 2024.- Como parte de&hellip;<\/p>\n","protected":false},"author":2,"featured_media":72818,"comment_status":"closed","ping_status":"open","sticky":false,"template":"","format":"standard","meta":{"_lmt_disableupdate":"","_lmt_disable":"","_jetpack_memberships_contains_paid_content":false,"footnotes":""},"categories":[109,46],"tags":[444],"class_list":["post-72835","post","type-post","status-publish","format-standard","has-post-thumbnail","hentry","category-minuto-a-minuto","category-zona-blanca","tag-horacio-sosa-villavicencio"],"jetpack_featured_media_url":"https:\/\/zonaroja.com.mx\/wp-content\/uploads\/2024\/09\/Informe-Cesar-Mateos-y-Horacio-Sosa.jpg","jetpack_sharing_enabled":true,"_links":{"self":[{"href":"https:\/\/zonaroja.com.mx\/index.php?rest_route=\/wp\/v2\/posts\/72835","targetHints":{"allow":["GET"]}}],"collection":[{"href":"https:\/\/zonaroja.com.mx\/index.php?rest_route=\/wp\/v2\/posts"}],"about":[{"href":"https:\/\/zonaroja.com.mx\/index.php?rest_route=\/wp\/v2\/types\/post"}],"author":[{"embeddable":true,"href":"https:\/\/zonaroja.com.mx\/index.php?rest_route=\/wp\/v2\/users\/2"}],"replies":[{"embeddable":true,"href":"https:\/\/zonaroja.com.mx\/index.php?rest_route=%2Fwp%2Fv2%2Fcomments&post=72835"}],"version-history":[{"count":1,"href":"https:\/\/zonaroja.com.mx\/index.php?rest_route=\/wp\/v2\/posts\/72835\/revisions"}],"predecessor-version":[{"id":72836,"href":"https:\/\/zonaroja.com.mx\/index.php?rest_route=\/wp\/v2\/posts\/72835\/revisions\/72836"}],"wp:featuredmedia":[{"embeddable":true,"href":"https:\/\/zonaroja.com.mx\/index.php?rest_route=\/wp\/v2\/media\/72818"}],"wp:attachment":[{"href":"https:\/\/zonaroja.com.mx\/index.php?rest_route=%2Fwp%2Fv2%2Fmedia&parent=72835"}],"wp:term":[{"taxonomy":"category","embeddable":true,"href":"https:\/\/zonaroja.com.mx\/index.php?rest_route=%2Fwp%2Fv2%2Fcategories&post=72835"},{"taxonomy":"post_tag","embeddable":true,"href":"https:\/\/zonaroja.com.mx\/index.php?rest_route=%2Fwp%2Fv2%2Ftags&post=72835"}],"curies":[{"name":"wp","href":"https:\/\/api.w.org\/{rel}","templated":true}]}}