{"id":72840,"date":"2024-09-27T06:53:03","date_gmt":"2024-09-27T12:53:03","guid":{"rendered":"https:\/\/zonaroja.com.mx\/?p=72840"},"modified":"2024-09-27T06:53:08","modified_gmt":"2024-09-27T12:53:08","slug":"amlo-traiciono-a-ayotzinapa-y-protegio-al-ejercito-familiares-de-los-43","status":"publish","type":"post","link":"https:\/\/zonaroja.com.mx\/?p=72840","title":{"rendered":"\u201cAMLO traicion\u00f3 a Ayotzinapa y protegi\u00f3 al Ej\u00e9rcito\u201d: familiares de los 43"},"content":{"rendered":"\n<p>Redacci\u00f3n\/Zona Roja Cdmx.<\/p>\n\n\n\n<p>Ciudad de M\u00e9xico, a 27 de septiembre de 2024.- A diez a\u00f1os de la llamada \u00bbNoche de Iguala\u00bb, madres y padres los 43 normalistas de Ayotzinapa desaparecidos reclamaron al presidente Andr\u00e9s Manuel L\u00f3pez Obrador por no haberles entregado las respuestas que prometi\u00f3.<\/p>\n\n\n\n<p>\u00abNo podemos detenernos, nos falta un hijo al cual estamos buscando. Se\u00f1or presidente Andr\u00e9s Manuel L\u00f3pez Obrador, traicion\u00f3 la confianza que como padres pusimos y dio la espalda al caso Ayotzinapa por proteger al Ej\u00e9rcito\u00bb, reclam\u00f3 Hilda Legide\u00f1o, madre de Jorge Antonio Tizapa Legide\u00f1o, uno de los 43, ante Palacio Nacional, la que ser\u00e1 casa del mandatario mexicano hasta la pr\u00f3xima semana, cuando Claudia Sheinbaum Pardo reciba la banda presidencial.<\/p>\n\n\n\n<p>\u00abNo se qu\u00e9 miedo ten\u00eda que toda la marcha llegara al Z\u00f3calo, o no que qu\u00e9 pretende de llegar ma\u00f1ana a su &#8216;Ma\u00f1anera&#8217; a decir que no hubo gente\u00bb, dijo el padre del normalista Carlos Lorenzo Hern\u00e1ndez, uno de los 43 j\u00f3venes de Ayotzinapa, ante los filtros que se colocaron para avanzar al primer cuadro capitalino.<\/p>\n\n\n\n<p>Al cumplirse 10 a\u00f1os de la desaparici\u00f3n de los estudiantes de la Normal Rural Isidro Burgos, los padres y madres tuvieron que pasar entre vallas que concreto que les cortaron el paso hacia el Z\u00f3calo capitalino, a solo unos metros de llegar a la plaza principal de M\u00e9xico.<\/p>\n\n\n\n<p>Las familias de los normalistas hicieron un \u00faltimo reclamo al presidente Andr\u00e9s Manuel L\u00f3pez Obrador, quien ten\u00eda como una de sus promesas resolver el Caso Ayotzinapa y cuyo mandato termina este 1 de octubre, sin que a\u00fan se esclarezca el paradero de los estudiantes.<\/p>\n\n\n\n<p>El padre de Carlos acus\u00f3 al presidente de detener las investigaciones en 2022, cuando las l\u00edneas apuntaban a la participaci\u00f3n del Ej\u00e9rcito en la desaparici\u00f3n.<\/p>\n\n\n\n<p>\u00abEl que encubre o entorpece las investigaciones tambi\u00e9n es complice de la desaparici\u00f3n forzada\u00bb, afirm\u00f3 Maximiliano Hern\u00e1ndez Cruz.<\/p>\n\n\n\n<p>\u00abFirmamos un decreto que no le import\u00f3, hay informes que muestran la participacion del Ej\u00e9rcito\u00bb, sostuvo Hilda, quien pidi\u00f3 regrese el grupo de expertos.<\/p>\n\n\n\n<p>Emiliano Navarrete Victoriano, padre de Jos\u00e9 \u00c1ngel Navarrete Gonz\u00e1lez, dirigi\u00f3 un reclamo directo al presidente, a quien se\u00f1al\u00f3 de ponerse \u00aba los pies del Ej\u00e9rcito\u00bb.<\/p>\n\n\n\n<p>\u00abEl derecho a la verdad y a la justicia esta por encima de ti, presidente de solo seis a\u00f1itos. Te pusiste a los pies del Ej\u00e9rcito del que est\u00e1s tan orgulloso, d\u00e1ndonos la espalda a nosotros, los padres y madres.<\/p>\n\n\n\n<p>\u00abSeguiremos adelante exigiendo verdad en el mismo nivel a la nueva presidenta, no vamos a dar un paso atr\u00e1s\u00bb, asegur\u00f3.<\/p>\n\n\n\n<p>M\u00c1S PROMESAS<\/p>\n\n\n\n<p>Cada aniversario de los sucesos, acaecidos en la ciudad Iguala del violento estado Guerrero, es un doloroso recordatorio del ataque a los m\u00e1s de 100 estudiantes de Ayotzinapa, que viajaban en varios autobuses y fueron atacados a balazos por polic\u00edas coludidos con criminales.<\/p>\n\n\n\n<p>Los familiares siguen clamando porque se sepa realmente lo ocurrido, aferr\u00e1ndose cada vez m\u00e1s esc\u00e9pticos a las promesas gubernamentales de hallar a los j\u00f3venes, as\u00ed como la verdad, pero ninguna de las dos cosas ha ocurrido.<\/p>\n\n\n\n<p>La presidenta electa Claudia Sheinbaum, que asumir\u00e1 el 1 de octubre, ha dicho que se va seguir con las investigaciones del suceso ocurrido durante el mandato del entonces presidente Enrique Pe\u00f1a Nieto, criticado por propiciar un cierre abrupto del caso y admitir la versi\u00f3n de un funcionario clave que asegur\u00f3 que los j\u00f3venes hab\u00edan sido quemados en una gigantesca pira.<\/p>\n\n\n\n<p>Esa \u00abverdad hist\u00f3rica\u00bb, como le llamaron en su momento, fue desmentida luego por un amplia investigaci\u00f3n internacional.<\/p>\n\n\n\n<p>Pero tambi\u00e9n el presidente Andr\u00e9s Manuel L\u00f3pez Obrador incumpli\u00f3 su promesa de esclarecer el caso y ha defendido a las fuerzas armadas, que -seg\u00fan las pesquisas internacionales y de abogados de los padres de las v\u00edctimas-, son se\u00f1aladas como responsables colaterales de los hechos.<\/p>\n\n\n\n<p>Las investigaciones revelaron que militares y marinos vieron c\u00f3mo los j\u00f3venes fueron atacados y obligados a bajar por la fuerza de uno de los autobuses donde viajaban.<\/p>\n\n\n\n<p>El Ej\u00e9rcito ha negado que algunos de sus miembros hayan participado directamente y ha asegurado haber entregado informaci\u00f3n para las pesquisas. Varios militares vinculados al caso como presuntos participantes fueron liberados.<\/p>\n\n\n\n<p>A pesar de que un funcionario de L\u00f3pez Obrador dijo hace dos a\u00f1os que no hab\u00eda indicios que los j\u00f3venes estuvieran vivos y declar\u00f3 el caso como un crimen de Estado, hay supervivientes que no se rinden y siguen afirmando que sus compa\u00f1eros est\u00e1n vivos.<\/p>\n\n\n\n<p>(Informaci\u00f3n de \u201cExpansi\u00f3n Pol\u00edtica\u201d)<\/p>\n","protected":false},"excerpt":{"rendered":"<p>Redacci\u00f3n\/Zona Roja Cdmx. Ciudad de M\u00e9xico, a 27 de septiembre de 2024.- A diez a\u00f1os&hellip;<\/p>\n","protected":false},"author":2,"featured_media":72841,"comment_status":"closed","ping_status":"open","sticky":false,"template":"","format":"standard","meta":{"_lmt_disableupdate":"","_lmt_disable":"","_jetpack_memberships_contains_paid_content":false,"footnotes":""},"categories":[109,47],"tags":[1816],"class_list":["post-72840","post","type-post","status-publish","format-standard","has-post-thumbnail","hentry","category-minuto-a-minuto","category-zona-gris","tag-43-desaparecidos-ayotzinapa"],"jetpack_featured_media_url":"https:\/\/zonaroja.com.mx\/wp-content\/uploads\/2024\/09\/Ayotzinapa-normalistas-43.jpg","jetpack_sharing_enabled":true,"_links":{"self":[{"href":"https:\/\/zonaroja.com.mx\/index.php?rest_route=\/wp\/v2\/posts\/72840","targetHints":{"allow":["GET"]}}],"collection":[{"href":"https:\/\/zonaroja.com.mx\/index.php?rest_route=\/wp\/v2\/posts"}],"about":[{"href":"https:\/\/zonaroja.com.mx\/index.php?rest_route=\/wp\/v2\/types\/post"}],"author":[{"embeddable":true,"href":"https:\/\/zonaroja.com.mx\/index.php?rest_route=\/wp\/v2\/users\/2"}],"replies":[{"embeddable":true,"href":"https:\/\/zonaroja.com.mx\/index.php?rest_route=%2Fwp%2Fv2%2Fcomments&post=72840"}],"version-history":[{"count":1,"href":"https:\/\/zonaroja.com.mx\/index.php?rest_route=\/wp\/v2\/posts\/72840\/revisions"}],"predecessor-version":[{"id":72842,"href":"https:\/\/zonaroja.com.mx\/index.php?rest_route=\/wp\/v2\/posts\/72840\/revisions\/72842"}],"wp:featuredmedia":[{"embeddable":true,"href":"https:\/\/zonaroja.com.mx\/index.php?rest_route=\/wp\/v2\/media\/72841"}],"wp:attachment":[{"href":"https:\/\/zonaroja.com.mx\/index.php?rest_route=%2Fwp%2Fv2%2Fmedia&parent=72840"}],"wp:term":[{"taxonomy":"category","embeddable":true,"href":"https:\/\/zonaroja.com.mx\/index.php?rest_route=%2Fwp%2Fv2%2Fcategories&post=72840"},{"taxonomy":"post_tag","embeddable":true,"href":"https:\/\/zonaroja.com.mx\/index.php?rest_route=%2Fwp%2Fv2%2Ftags&post=72840"}],"curies":[{"name":"wp","href":"https:\/\/api.w.org\/{rel}","templated":true}]}}