{"id":72843,"date":"2024-09-27T08:14:00","date_gmt":"2024-09-27T14:14:00","guid":{"rendered":"https:\/\/zonaroja.com.mx\/?p=72843"},"modified":"2024-09-27T07:16:52","modified_gmt":"2024-09-27T13:16:52","slug":"hallan-a-individuo-torturado-desollado-y-ejecutado-en-la-mixteca","status":"publish","type":"post","link":"https:\/\/zonaroja.com.mx\/?p=72843","title":{"rendered":"Hallan a individuo torturado, desollado y ejecutado en la Mixteca"},"content":{"rendered":"\n<p>Raymundo Morales\/Zona Roja.<\/p>\n\n\n\n<p>Oaxaca de Ju\u00e1rez, Oax., a 27 de septiembre de 2024.- El cuerpo sin vida de una persona, con huellas de tortura, desollado y ejecutado a balazos, fue hallado ayer por la tarde en la regi\u00f3n Mixteca del estado de Oaxaca.<\/p>\n\n\n\n<p>Fue a un costado de un camino de la agencia de Santiago Chilixtlahuaca, perteneciente al municipio de Huajuapan de Le\u00f3n, donde se report\u00f3 el hallazgo.<\/p>\n\n\n\n<p>De manera preliminar la v\u00edctima fue identificada como Sabino S. L., vecino de la agencia de Santa Mar\u00eda Xochixtlapilco, Huajuapan, y a\u00fan se desconocen los motivos de crimen, aunque presuntamente tiene antecedentes penales.<\/p>\n\n\n\n<p>El cuerpo presentaba varios impactos de arma de fuego, uno de ellos en la cabeza; adem\u00e1s, maniatado, huellas de tortura y pl\u00e1sticos alrededor del cuello.<\/p>\n\n\n\n<p>Personal de la Vicefiscal\u00eda Regional de la Mixteca, dependiente de la Fiscal\u00eda General del Estado de Oaxaca, abri\u00f3 la carpeta de investigaci\u00f3n correspondiente para esclarecer los hechos.<\/p>\n\n\n\n<p>EN El ISTMO<\/p>\n\n\n\n<p>Por otra parte, el conductor de una camioneta de pasaje y carga fue atacado a balazos cando transitaba con su unidad de motor, sobre la carretera Tran\u00edstmica, tramo Pozo de Agua-Chigola, a la altura del kil\u00f3metro 203.<\/p>\n\n\n\n<p>La camioneta, con n\u00famero econ\u00f3mico 00-052, de la linealidad \u201cGuiguba\u201d se dirig\u00eda a Santo Domingo Petapa, cuando ocurri\u00f3 la agresi\u00f3n armada; el chofer recibi\u00f3 varios disparos en el cuerpo, por lo que tras la llegada de param\u00e9dicos, fue trasladado a un hospital de la zona norte del Istmo de Tehuantepec.<\/p>\n","protected":false},"excerpt":{"rendered":"<p>Raymundo Morales\/Zona Roja. Oaxaca de Ju\u00e1rez, Oax., a 27 de septiembre de 2024.- El cuerpo&hellip;<\/p>\n","protected":false},"author":2,"featured_media":72844,"comment_status":"closed","ping_status":"open","sticky":false,"template":"","format":"standard","meta":{"_lmt_disableupdate":"","_lmt_disable":"","_jetpack_memberships_contains_paid_content":false,"footnotes":""},"categories":[109,51],"tags":[594],"class_list":["post-72843","post","type-post","status-publish","format-standard","has-post-thumbnail","hentry","category-minuto-a-minuto","category-zona-roja","tag-huajuapan-de-leon"],"jetpack_featured_media_url":"https:\/\/zonaroja.com.mx\/wp-content\/uploads\/2024\/09\/Ejecutado-en-Huajuapan.jpg","jetpack_sharing_enabled":true,"_links":{"self":[{"href":"https:\/\/zonaroja.com.mx\/index.php?rest_route=\/wp\/v2\/posts\/72843","targetHints":{"allow":["GET"]}}],"collection":[{"href":"https:\/\/zonaroja.com.mx\/index.php?rest_route=\/wp\/v2\/posts"}],"about":[{"href":"https:\/\/zonaroja.com.mx\/index.php?rest_route=\/wp\/v2\/types\/post"}],"author":[{"embeddable":true,"href":"https:\/\/zonaroja.com.mx\/index.php?rest_route=\/wp\/v2\/users\/2"}],"replies":[{"embeddable":true,"href":"https:\/\/zonaroja.com.mx\/index.php?rest_route=%2Fwp%2Fv2%2Fcomments&post=72843"}],"version-history":[{"count":1,"href":"https:\/\/zonaroja.com.mx\/index.php?rest_route=\/wp\/v2\/posts\/72843\/revisions"}],"predecessor-version":[{"id":72845,"href":"https:\/\/zonaroja.com.mx\/index.php?rest_route=\/wp\/v2\/posts\/72843\/revisions\/72845"}],"wp:featuredmedia":[{"embeddable":true,"href":"https:\/\/zonaroja.com.mx\/index.php?rest_route=\/wp\/v2\/media\/72844"}],"wp:attachment":[{"href":"https:\/\/zonaroja.com.mx\/index.php?rest_route=%2Fwp%2Fv2%2Fmedia&parent=72843"}],"wp:term":[{"taxonomy":"category","embeddable":true,"href":"https:\/\/zonaroja.com.mx\/index.php?rest_route=%2Fwp%2Fv2%2Fcategories&post=72843"},{"taxonomy":"post_tag","embeddable":true,"href":"https:\/\/zonaroja.com.mx\/index.php?rest_route=%2Fwp%2Fv2%2Ftags&post=72843"}],"curies":[{"name":"wp","href":"https:\/\/api.w.org\/{rel}","templated":true}]}}