{"id":72846,"date":"2024-09-27T07:30:43","date_gmt":"2024-09-27T13:30:43","guid":{"rendered":"https:\/\/zonaroja.com.mx\/?p=72846"},"modified":"2024-09-27T07:30:45","modified_gmt":"2024-09-27T13:30:45","slug":"aumenta-a-tres-las-victimas-fatales-a-causa-de-las-lluvias-en-oaxaca","status":"publish","type":"post","link":"https:\/\/zonaroja.com.mx\/?p=72846","title":{"rendered":"Aumenta a tres las v\u00edctimas fatales a causa de las lluvias en Oaxaca"},"content":{"rendered":"\n<p>Ismael Garc\u00eda M.\/Zona Roja.<\/p>\n\n\n\n<p>Oaxaca de Ju\u00e1rez, Oax., a 27 de septiembre de 2024.- A tres aument\u00f3 el n\u00famero de v\u00edctimas fatales en Oaxaca, a causa de las intensas lluvias generadas por el paso del hurac\u00e1n \u201cJohn\u201d.<\/p>\n\n\n\n<p>El m\u00e1s reciente caso ocurri\u00f3 ayer, en que falleci\u00f3 la se\u00f1ora Martina H. L., de 55 a\u00f1os de edad, en la localidad Llano Nuevo, perteneciente al municipio de Santiago Amoltepec, regi\u00f3n de la Sierra Sur.<\/p>\n\n\n\n<p>Tambi\u00e9n en Amoltepec, pero en la poblaci\u00f3n de Llano de Tigre, perdi\u00f3 la vida la se\u00f1ora Teresa L. Y., de 65 a\u00f1os de edad.<\/p>\n\n\n\n<p>Mientras que en San Jos\u00e9 El Pe\u00f1asco, Miahuatl\u00e1n de Porfirio, regi\u00f3n Sierra Sur, se localizo el cuerpo del se\u00f1or Herlindo G. G., quien fue arrastrado por la corriente de las lluvias en la zona.<\/p>\n\n\n\n<p>SEGUIR\u00c1N LAS LLUVIAS<\/p>\n\n\n\n<p>Por otra partem la Coordinaci\u00f3n Estatal de Protecci\u00f3n Civil y Gesti\u00f3n de Riesgos dio a conocer que se mantendr\u00e1n las lluvias en la mayor parte del estado con intermitencias concentradas en las regiones de la Sierra Sur, Mixteca y el sector costero occidental y con menor intensidad con algunos chubascos fuertes ocasionales en el resto del estado.<\/p>\n\n\n\n<p>Se espera que las altas acumulaciones de lluvia disminuyan en regiones afectas por \u201cJohn\u00bb, pero debido a la saturaci\u00f3n del suelo se mantiene alta probabilidad de escurrimientos que pueden generar encharcamientos severos e inundaciones combinadas.<\/p>\n\n\n\n<p>De acuerdo con el pron\u00f3stico del tiempo emitido por la Comisi\u00f3n Nacional del Agua (Conagua), el cicl\u00f3n tropical \u201cJohn\u201d ubicado sobre el suroeste de M\u00e9xico, sigue interactuando con la vaguada monz\u00f3nica (un cintur\u00f3n de inestabilidad atmosf\u00e9rica) que se extiende hasta el pac\u00edfico centroamericano y transporta humedad desde el mar hacia el continente, lo que permite inestabilidad en territorio oaxaque\u00f1o.<\/p>\n\n\n\n<p>Por lo anterior, se recomienda no exponerse al peligro de inundaciones, deslizamiento de terrenos y restringir en la medida de lo posible actividades que impliquen el tr\u00e1nsito en caminos y carreteras afectadas recientemente.&nbsp;<\/p>\n\n\n\n<p>Mientras tanto el frente fr\u00edo n\u00famero 3 impulsado por una masa de aire fr\u00edo, provocar\u00e1 un refrescamiento t\u00e9rmico y vientos moderados en la porci\u00f3n norte y oriente del estado.<\/p>\n","protected":false},"excerpt":{"rendered":"<p>Ismael Garc\u00eda M.\/Zona Roja. Oaxaca de Ju\u00e1rez, Oax., a 27 de septiembre de 2024.- A&hellip;<\/p>\n","protected":false},"author":2,"featured_media":72847,"comment_status":"closed","ping_status":"open","sticky":false,"template":"","format":"standard","meta":{"_lmt_disableupdate":"","_lmt_disable":"","_jetpack_memberships_contains_paid_content":false,"footnotes":""},"categories":[109,47],"tags":[848,2032,860],"class_list":["post-72846","post","type-post","status-publish","format-standard","has-post-thumbnail","hentry","category-minuto-a-minuto","category-zona-gris","tag-danos-lluvias-oaxaca","tag-muertos-por-lluvias-oaxaca","tag-santiago-amoltepec"],"jetpack_featured_media_url":"https:\/\/zonaroja.com.mx\/wp-content\/uploads\/2024\/09\/GYfDh_LWUAApjjJ.jpeg","jetpack_sharing_enabled":true,"_links":{"self":[{"href":"https:\/\/zonaroja.com.mx\/index.php?rest_route=\/wp\/v2\/posts\/72846","targetHints":{"allow":["GET"]}}],"collection":[{"href":"https:\/\/zonaroja.com.mx\/index.php?rest_route=\/wp\/v2\/posts"}],"about":[{"href":"https:\/\/zonaroja.com.mx\/index.php?rest_route=\/wp\/v2\/types\/post"}],"author":[{"embeddable":true,"href":"https:\/\/zonaroja.com.mx\/index.php?rest_route=\/wp\/v2\/users\/2"}],"replies":[{"embeddable":true,"href":"https:\/\/zonaroja.com.mx\/index.php?rest_route=%2Fwp%2Fv2%2Fcomments&post=72846"}],"version-history":[{"count":1,"href":"https:\/\/zonaroja.com.mx\/index.php?rest_route=\/wp\/v2\/posts\/72846\/revisions"}],"predecessor-version":[{"id":72848,"href":"https:\/\/zonaroja.com.mx\/index.php?rest_route=\/wp\/v2\/posts\/72846\/revisions\/72848"}],"wp:featuredmedia":[{"embeddable":true,"href":"https:\/\/zonaroja.com.mx\/index.php?rest_route=\/wp\/v2\/media\/72847"}],"wp:attachment":[{"href":"https:\/\/zonaroja.com.mx\/index.php?rest_route=%2Fwp%2Fv2%2Fmedia&parent=72846"}],"wp:term":[{"taxonomy":"category","embeddable":true,"href":"https:\/\/zonaroja.com.mx\/index.php?rest_route=%2Fwp%2Fv2%2Fcategories&post=72846"},{"taxonomy":"post_tag","embeddable":true,"href":"https:\/\/zonaroja.com.mx\/index.php?rest_route=%2Fwp%2Fv2%2Ftags&post=72846"}],"curies":[{"name":"wp","href":"https:\/\/api.w.org\/{rel}","templated":true}]}}