{"id":72849,"date":"2024-09-27T11:57:00","date_gmt":"2024-09-27T17:57:00","guid":{"rendered":"https:\/\/zonaroja.com.mx\/?p=72849"},"modified":"2024-09-27T07:59:24","modified_gmt":"2024-09-27T13:59:24","slug":"realiza-el-ieepco-fase-estatal-del-concurso-nacional-de-oratoria-2024","status":"publish","type":"post","link":"https:\/\/zonaroja.com.mx\/?p=72849","title":{"rendered":"Realiza el IEEPCO fase estatal del Concurso Nacional de Oratoria 2024\u00a0"},"content":{"rendered":"\n<p>Redacci\u00f3n\/Zona Roja.<\/p>\n\n\n\n<p>Oaxaca de Ju\u00e1rez, Oax., a 27 de septiembre de 2024.- Este jueves se realiz\u00f3 en las instalaciones del Instituto Estatal Electoral y de Participaci\u00f3n Ciudadana (IEEPCO), la fase estatal del Concurso Nacional de Oratoria \u201cDr. Belisario Dom\u00ednguez Palencia. Libres por la Palabra Libre\u201d, que se dirige a juventudes de 18 a 29 a\u00f1os y se integra de una etapa estatal, para elegir a la persona que representar\u00e1 a cada entidad en la etapa nacional.<\/p>\n\n\n\n<p>La Consejera Jessica Jazibe Hern\u00e1ndez Garc\u00eda, presidenta de la Comisi\u00f3n Permanente de Educaci\u00f3n C\u00edvica y de Participaci\u00f3n Ciudadana e impulsora de este evento, coment\u00f3 que desde el 7 de agosto, y con el apoyo de la Direcci\u00f3n Ejecutiva de Educaci\u00f3n C\u00edvica, el IEEPCO inici\u00f3 con los trabajos preparativos para el desarrollo de la Etapa Estatal que por primera vez se realiza en el estado, bajo la conducci\u00f3n de este instituto.<\/p>\n\n\n\n<p>Durante sus palabras inaugurales, la consejera presidenta, Elizabeth S\u00e1nchez Gonz\u00e1lez, coment\u00f3 que la participaci\u00f3n de las juventudes su compromiso con la democracia, la justicia social y la b\u00fasqueda de un pa\u00eds m\u00e1s incluyente, y que su entusiasmo enriquece el debate y nos permite conocer nuevas perspectivas sobre asuntos tan vitales como el legado de Belisario Dom\u00ednguez, la participaci\u00f3n pol\u00edtica de las juventudes, la democracia, la igualdad de g\u00e9nero, la educaci\u00f3n c\u00edvica, la justicia social y el cuidado del medio ambiente.<\/p>\n\n\n\n<p>Como jurado calificador, se cont\u00f3 con la participaci\u00f3n del consejero electoral, Wilfrido Almaraz Santib\u00e1\u00f1ez; Sara Zenaida Clavel Guzm\u00e1n, directora de la fundaci\u00f3n 100Xoaxaca; y Marco Antonio Ba\u00f1os Avenda\u00f1o, Campe\u00f3n Nacional de Oratoria y Jurado Calificador de diversos concursos nacionales de oratoria.<\/p>\n\n\n\n<p>Las personas participantes fueron las y los j\u00f3venes Diana P\u00e9rez &nbsp;Jim\u00e9nez, Jes\u00fas Gabriel Cuevas &nbsp;Cuevas, Brayan Daniel Garc\u00eda Rivera, Manuel Cruz M\u00e9ndez, Ricardo Jair Silva Gonz\u00e1lez, Ingrid Ver\u00f3nica Olayo Vel\u00e1zquez, Edgar Benjam\u00edn Osorio Ortiz, Rebeca Sibaja Rosales, Aldo Hern\u00e1ndez D\u00e1vila, Diana P\u00e9rez &nbsp;Jim\u00e9nez, y Jes\u00fas Gabriel Cuevas &nbsp;Cuevas.<\/p>\n\n\n\n<p>Los temas de la ronda eliminatoria del concurso, tanto en la etapa estatal como nacional, se desarrollar\u00e1n bajo los siguientes ejes: Legado del Dr. Belisario Dom\u00ednguez Palencia; Democracia y elecciones; Juventudes; Educaci\u00f3n c\u00edvica; G\u00e9nero y no discriminaci\u00f3n; Salud emocional; Medio ambiente; y, Tecnolog\u00eda y redes sociales. La din\u00e1mica del Concurso consisti\u00f3 en el sorteo del orden de participaci\u00f3n y el sorteo del tema a disertar, teniendo un estimado de 3 a 5 minutos para que cada participante realizar\u00e1 su presentaci\u00f3n de oratoria.<\/p>\n\n\n\n<p>Las personas ganadoras de esta etapa, fueron: Ricardo Jair Silva Gonz\u00e1lez, Jes\u00fas Gabriel Cuevas Cuevas y Diana P\u00e9rez Jim\u00e9nez, en primero, segundo y tercer lugar, respectivamente.<\/p>\n","protected":false},"excerpt":{"rendered":"<p>Redacci\u00f3n\/Zona Roja. Oaxaca de Ju\u00e1rez, Oax., a 27 de septiembre de 2024.- Este jueves se&hellip;<\/p>\n","protected":false},"author":2,"featured_media":72851,"comment_status":"closed","ping_status":"open","sticky":false,"template":"","format":"standard","meta":{"_lmt_disableupdate":"","_lmt_disable":"","_jetpack_memberships_contains_paid_content":false,"footnotes":""},"categories":[109,46],"tags":[2932],"class_list":["post-72849","post","type-post","status-publish","format-standard","has-post-thumbnail","hentry","category-minuto-a-minuto","category-zona-blanca","tag-instituto-estatal-electoral-y-de-participacion-ciudadana-de-oaxaca-ieepco"],"jetpack_featured_media_url":"https:\/\/zonaroja.com.mx\/wp-content\/uploads\/2024\/09\/Concurso-oratoria-IEEPCO.jpg","jetpack_sharing_enabled":true,"_links":{"self":[{"href":"https:\/\/zonaroja.com.mx\/index.php?rest_route=\/wp\/v2\/posts\/72849","targetHints":{"allow":["GET"]}}],"collection":[{"href":"https:\/\/zonaroja.com.mx\/index.php?rest_route=\/wp\/v2\/posts"}],"about":[{"href":"https:\/\/zonaroja.com.mx\/index.php?rest_route=\/wp\/v2\/types\/post"}],"author":[{"embeddable":true,"href":"https:\/\/zonaroja.com.mx\/index.php?rest_route=\/wp\/v2\/users\/2"}],"replies":[{"embeddable":true,"href":"https:\/\/zonaroja.com.mx\/index.php?rest_route=%2Fwp%2Fv2%2Fcomments&post=72849"}],"version-history":[{"count":1,"href":"https:\/\/zonaroja.com.mx\/index.php?rest_route=\/wp\/v2\/posts\/72849\/revisions"}],"predecessor-version":[{"id":72852,"href":"https:\/\/zonaroja.com.mx\/index.php?rest_route=\/wp\/v2\/posts\/72849\/revisions\/72852"}],"wp:featuredmedia":[{"embeddable":true,"href":"https:\/\/zonaroja.com.mx\/index.php?rest_route=\/wp\/v2\/media\/72851"}],"wp:attachment":[{"href":"https:\/\/zonaroja.com.mx\/index.php?rest_route=%2Fwp%2Fv2%2Fmedia&parent=72849"}],"wp:term":[{"taxonomy":"category","embeddable":true,"href":"https:\/\/zonaroja.com.mx\/index.php?rest_route=%2Fwp%2Fv2%2Fcategories&post=72849"},{"taxonomy":"post_tag","embeddable":true,"href":"https:\/\/zonaroja.com.mx\/index.php?rest_route=%2Fwp%2Fv2%2Ftags&post=72849"}],"curies":[{"name":"wp","href":"https:\/\/api.w.org\/{rel}","templated":true}]}}